{"id":1914,"date":"2019-02-05T12:30:34","date_gmt":"2019-02-05T11:30:34","guid":{"rendered":"http:\/\/vs-durach.de\/?p=1914"},"modified":"2019-02-05T12:37:12","modified_gmt":"2019-02-05T11:37:12","slug":"winterausflug-ins-kuernachtal","status":"publish","type":"post","link":"https:\/\/vs-durach.de\/index.php\/2019\/02\/05\/winterausflug-ins-kuernachtal\/","title":{"rendered":"Winterausflug ins K\u00fcrnachtal"},"content":{"rendered":"\t\t<div data-elementor-type=\"wp-post\" data-elementor-id=\"1914\" class=\"elementor elementor-1914 elementor-bc-flex-widget\">\n\t\t\t\t\t\t<section class=\"elementor-section elementor-top-section elementor-element elementor-element-389e454 elementor-section-boxed elementor-section-height-default elementor-section-height-default\" data-id=\"389e454\" data-element_type=\"section\" data-e-type=\"section\">\n\t\t\t\t\t\t<div class=\"elementor-container elementor-column-gap-default\">\n\t\t\t\t\t<div class=\"elementor-column elementor-col-50 elementor-top-column elementor-element elementor-element-1d8434d\" data-id=\"1d8434d\" data-element_type=\"column\" data-e-type=\"column\">\n\t\t\t<div class=\"elementor-widget-wrap elementor-element-populated\">\n\t\t\t\t\t\t<div class=\"elementor-element elementor-element-525c07d elementor-widget elementor-widget-image\" data-id=\"525c07d\" data-element_type=\"widget\" data-e-type=\"widget\" data-widget_type=\"image.default\">\n\t\t\t\t<div class=\"elementor-widget-container\">\n\t\t\t\t\t\t\t\t\t\t\t\t\t\t\t\t<a href=\"https:\/\/vs-durach.de\/wp-content\/uploads\/2019\/02\/Winterausflug-3.jpg\" data-elementor-open-lightbox=\"yes\" data-elementor-lightbox-title=\"Winterausflug 3\" data-e-action-hash=\"#elementor-action%3Aaction%3Dlightbox%26settings%3DeyJpZCI6MTkxMiwidXJsIjoiaHR0cHM6XC9cL3ZzLWR1cmFjaC5kZVwvd3AtY29udGVudFwvdXBsb2Fkc1wvMjAxOVwvMDJcL1dpbnRlcmF1c2ZsdWctMy5qcGcifQ%3D%3D\">\n\t\t\t\t\t\t\t<img fetchpriority=\"high\" decoding=\"async\" width=\"300\" height=\"200\" src=\"https:\/\/vs-durach.de\/wp-content\/uploads\/2019\/02\/Winterausflug-3-300x200.jpg\" class=\"attachment-medium size-medium wp-image-1912\" alt=\"\" srcset=\"https:\/\/vs-durach.de\/wp-content\/uploads\/2019\/02\/Winterausflug-3-300x200.jpg 300w, https:\/\/vs-durach.de\/wp-content\/uploads\/2019\/02\/Winterausflug-3-768x512.jpg 768w, https:\/\/vs-durach.de\/wp-content\/uploads\/2019\/02\/Winterausflug-3-1024x683.jpg 1024w, https:\/\/vs-durach.de\/wp-content\/uploads\/2019\/02\/Winterausflug-3-750x500.jpg 750w\" sizes=\"(max-width: 300px) 100vw, 300px\" \/>\t\t\t\t\t\t\t\t<\/a>\n\t\t\t\t\t\t\t\t\t\t\t\t\t\t\t<\/div>\n\t\t\t\t<\/div>\n\t\t\t\t<div class=\"elementor-element elementor-element-07e8d83 elementor-widget elementor-widget-image\" data-id=\"07e8d83\" data-element_type=\"widget\" data-e-type=\"widget\" data-widget_type=\"image.default\">\n\t\t\t\t<div class=\"elementor-widget-container\">\n\t\t\t\t\t\t\t\t\t\t\t\t\t\t\t\t<a href=\"https:\/\/vs-durach.de\/wp-content\/uploads\/2019\/02\/Winterausflug-1.jpg\" data-elementor-open-lightbox=\"yes\" data-elementor-lightbox-title=\"Winterausflug 1\" data-e-action-hash=\"#elementor-action%3Aaction%3Dlightbox%26settings%3DeyJpZCI6MTkxMCwidXJsIjoiaHR0cHM6XC9cL3ZzLWR1cmFjaC5kZVwvd3AtY29udGVudFwvdXBsb2Fkc1wvMjAxOVwvMDJcL1dpbnRlcmF1c2ZsdWctMS5qcGcifQ%3D%3D\">\n\t\t\t\t\t\t\t<img decoding=\"async\" width=\"300\" height=\"200\" src=\"https:\/\/vs-durach.de\/wp-content\/uploads\/2019\/02\/Winterausflug-1-300x200.jpg\" class=\"attachment-medium size-medium wp-image-1910\" alt=\"\" srcset=\"https:\/\/vs-durach.de\/wp-content\/uploads\/2019\/02\/Winterausflug-1-300x200.jpg 300w, https:\/\/vs-durach.de\/wp-content\/uploads\/2019\/02\/Winterausflug-1-768x512.jpg 768w, https:\/\/vs-durach.de\/wp-content\/uploads\/2019\/02\/Winterausflug-1-1024x683.jpg 1024w, https:\/\/vs-durach.de\/wp-content\/uploads\/2019\/02\/Winterausflug-1-750x500.jpg 750w\" sizes=\"(max-width: 300px) 100vw, 300px\" \/>\t\t\t\t\t\t\t\t<\/a>\n\t\t\t\t\t\t\t\t\t\t\t\t\t\t\t<\/div>\n\t\t\t\t<\/div>\n\t\t\t\t<div class=\"elementor-element elementor-element-284b87f elementor-widget elementor-widget-image\" data-id=\"284b87f\" data-element_type=\"widget\" data-e-type=\"widget\" data-widget_type=\"image.default\">\n\t\t\t\t<div class=\"elementor-widget-container\">\n\t\t\t\t\t\t\t\t\t\t\t\t\t\t\t\t<a href=\"https:\/\/vs-durach.de\/wp-content\/uploads\/2019\/02\/Winterausflug-2.jpg\" data-elementor-open-lightbox=\"yes\" data-elementor-lightbox-title=\"Winterausflug 2\" data-e-action-hash=\"#elementor-action%3Aaction%3Dlightbox%26settings%3DeyJpZCI6MTkxMSwidXJsIjoiaHR0cHM6XC9cL3ZzLWR1cmFjaC5kZVwvd3AtY29udGVudFwvdXBsb2Fkc1wvMjAxOVwvMDJcL1dpbnRlcmF1c2ZsdWctMi5qcGcifQ%3D%3D\">\n\t\t\t\t\t\t\t<img decoding=\"async\" width=\"300\" height=\"200\" src=\"https:\/\/vs-durach.de\/wp-content\/uploads\/2019\/02\/Winterausflug-2-300x200.jpg\" class=\"attachment-medium size-medium wp-image-1911\" alt=\"\" srcset=\"https:\/\/vs-durach.de\/wp-content\/uploads\/2019\/02\/Winterausflug-2-300x200.jpg 300w, https:\/\/vs-durach.de\/wp-content\/uploads\/2019\/02\/Winterausflug-2-768x512.jpg 768w, https:\/\/vs-durach.de\/wp-content\/uploads\/2019\/02\/Winterausflug-2-1024x683.jpg 1024w, https:\/\/vs-durach.de\/wp-content\/uploads\/2019\/02\/Winterausflug-2-750x500.jpg 750w\" sizes=\"(max-width: 300px) 100vw, 300px\" \/>\t\t\t\t\t\t\t\t<\/a>\n\t\t\t\t\t\t\t\t\t\t\t\t\t\t\t<\/div>\n\t\t\t\t<\/div>\n\t\t\t\t\t<\/div>\n\t\t<\/div>\n\t\t\t\t<div class=\"elementor-column elementor-col-50 elementor-top-column elementor-element elementor-element-8299223\" data-id=\"8299223\" data-element_type=\"column\" data-e-type=\"column\">\n\t\t\t<div class=\"elementor-widget-wrap elementor-element-populated\">\n\t\t\t\t\t\t<div class=\"elementor-element elementor-element-1eb7d1c elementor-widget elementor-widget-text-editor\" data-id=\"1eb7d1c\" data-element_type=\"widget\" data-e-type=\"widget\" data-widget_type=\"text-editor.default\">\n\t\t\t\t<div class=\"elementor-widget-container\">\n\t\t\t\t\t\t\t\t\t<p>Am 2. Februar folgte die Deutsch-Klasse einer zweiten Einladung des Alpenvereins, Sektion Kempten. Im verschneiten K\u00fcrnachtal traf sie auf einige deutsche Familien. \u201eF\u00f6rster Hans\u201c gab eine Einf\u00fchrung in das Erkennen von Tierspuren im Schnee und die verschiedenen Nationalit\u00e4ten berichteten \u00fcber den Winter in ihrer Heimat. Gemeinsam wurde gegrillt und gespielt. In Vorbereitung auf den Fr\u00fchling wurden Nistk\u00e4sten f\u00fcr die V\u00f6gel gebaut. Am Nachmittag verabschiedeten sich alle herzlich voneinander und fuhren zufrieden und stolz nachhause.<\/p>\t\t\t\t\t\t\t\t<\/div>\n\t\t\t\t<\/div>\n\t\t\t\t\t<\/div>\n\t\t<\/div>\n\t\t\t\t\t<\/div>\n\t\t<\/section>\n\t\t\t\t<\/div>\n\t\t","protected":false},"excerpt":{"rendered":"<p>Am 2. Februar folgte die Deutsch-Klasse einer zweiten Einladung des Alpenvereins, Sektion Kempten. Im verschneiten K\u00fcrnachtal traf sie auf einige deutsche Familien. \u201eF\u00f6rster Hans\u201c gab eine Einf\u00fchrung in das Erkennen von Tierspuren im Schnee und die verschiedenen Nationalit\u00e4ten berichteten \u00fcber den Winter in ihrer Heimat. Gemeinsam wurde gegrillt und gespielt. In Vorbereitung auf den Fr\u00fchling&hellip;&nbsp;<a href=\"https:\/\/vs-durach.de\/index.php\/2019\/02\/05\/winterausflug-ins-kuernachtal\/\" rel=\"bookmark\">Weiterlesen &raquo;<span class=\"screen-reader-text\">Winterausflug ins K\u00fcrnachtal<\/span><\/a><\/p>\n","protected":false},"author":8,"featured_media":1910,"comment_status":"closed","ping_status":"open","sticky":false,"template":"","format":"standard","meta":{"neve_meta_sidebar":"","neve_meta_container":"","neve_meta_enable_content_width":"","neve_meta_content_width":0,"neve_meta_title_alignment":"","neve_meta_author_avatar":"","neve_post_elements_order":"","neve_meta_disable_header":"","neve_meta_disable_footer":"","neve_meta_disable_title":"","_themeisle_gutenberg_block_has_review":false,"footnotes":""},"categories":[6],"tags":[],"class_list":["post-1914","post","type-post","status-publish","format-standard","has-post-thumbnail","hentry","category-aktuelles-2018-2019"],"_links":{"self":[{"href":"https:\/\/vs-durach.de\/index.php\/wp-json\/wp\/v2\/posts\/1914","targetHints":{"allow":["GET"]}}],"collection":[{"href":"https:\/\/vs-durach.de\/index.php\/wp-json\/wp\/v2\/posts"}],"about":[{"href":"https:\/\/vs-durach.de\/index.php\/wp-json\/wp\/v2\/types\/post"}],"author":[{"embeddable":true,"href":"https:\/\/vs-durach.de\/index.php\/wp-json\/wp\/v2\/users\/8"}],"replies":[{"embeddable":true,"href":"https:\/\/vs-durach.de\/index.php\/wp-json\/wp\/v2\/comments?post=1914"}],"version-history":[{"count":2,"href":"https:\/\/vs-durach.de\/index.php\/wp-json\/wp\/v2\/posts\/1914\/revisions"}],"predecessor-version":[{"id":1917,"href":"https:\/\/vs-durach.de\/index.php\/wp-json\/wp\/v2\/posts\/1914\/revisions\/1917"}],"wp:featuredmedia":[{"embeddable":true,"href":"https:\/\/vs-durach.de\/index.php\/wp-json\/wp\/v2\/media\/1910"}],"wp:attachment":[{"href":"https:\/\/vs-durach.de\/index.php\/wp-json\/wp\/v2\/media?parent=1914"}],"wp:term":[{"taxonomy":"category","embeddable":true,"href":"https:\/\/vs-durach.de\/index.php\/wp-json\/wp\/v2\/categories?post=1914"},{"taxonomy":"post_tag","embeddable":true,"href":"https:\/\/vs-durach.de\/index.php\/wp-json\/wp\/v2\/tags?post=1914"}],"curies":[{"name":"wp","href":"https:\/\/api.w.org\/{rel}","templated":true}]}}