{"id":2383,"date":"2019-07-17T10:02:19","date_gmt":"2019-07-17T08:02:19","guid":{"rendered":"http:\/\/vs-durach.de\/?p=2383"},"modified":"2019-07-17T10:14:59","modified_gmt":"2019-07-17T08:14:59","slug":"abschlusskonzert-der-blaeserklasse-mit-urkundenverleihung","status":"publish","type":"post","link":"https:\/\/vs-durach.de\/index.php\/2019\/07\/17\/abschlusskonzert-der-blaeserklasse-mit-urkundenverleihung\/","title":{"rendered":"Abschlusskonzert der Bl\u00e4serklasse mit Urkundenverleihung"},"content":{"rendered":"\t\t<div data-elementor-type=\"wp-post\" data-elementor-id=\"2383\" class=\"elementor elementor-2383\">\n\t\t\t\t\t\t<section class=\"elementor-section elementor-top-section elementor-element elementor-element-7cdf507 elementor-section-boxed elementor-section-height-default elementor-section-height-default\" data-id=\"7cdf507\" data-element_type=\"section\" data-e-type=\"section\">\n\t\t\t\t\t\t<div class=\"elementor-container elementor-column-gap-default\">\n\t\t\t\t\t<div class=\"elementor-column elementor-col-100 elementor-top-column elementor-element elementor-element-13da914\" data-id=\"13da914\" data-element_type=\"column\" data-e-type=\"column\">\n\t\t\t<div class=\"elementor-widget-wrap elementor-element-populated\">\n\t\t\t\t\t\t<div class=\"elementor-element elementor-element-039cd4d elementor-widget elementor-widget-text-editor\" data-id=\"039cd4d\" data-element_type=\"widget\" data-e-type=\"widget\" data-widget_type=\"text-editor.default\">\n\t\t\t\t<div class=\"elementor-widget-container\">\n\t\t\t\t\t\t\t\t\t<p><span style=\"font-family: 'Calibri',sans-serif; color: black;\">Am 16. Juli abends um 19 Uhr versammelten sich zahlreiche Eltern, Geschwister und Verwandte, um dem Jahresabschlusskonzert der Bl\u00e4serklasse 2019 zuzuh\u00f6ren. Obwohl nur 12 Musiker stark, brachte diese kleine Gruppe erstaunlich gute Musik auf die B\u00fchne. Gespielt wurden bekannte Melodien, teils ein-, zwei- und sogar dreistimmig gesetzt. Sogar ein Kanon wurde sauber musiziert und lockte den Zuschauern ein L\u00e4cheln aufs Gesicht. So erhielt dieses Duracher &#8220;Orchester&#8221; unter der fachkundigen Leitung seines Dirigenten Axel Maucher viel Applaus.<\/span><\/p><p><span style=\"font-family: 'Calibri',sans-serif; color: black;\">In der Mitte des Konzerts sprach der Dirigent der Musikkapelle Durach, Andreas Seger lobende Worte zu den Sch\u00fclern und Zuh\u00f6rern und machte ihnen Mut, dieses wertvolle Hobby weiter zu pflegen, da es wichtig und wertvoll f\u00fcr das ganze Leben sei, Musik zu machen. Lobend hob er hervor, dass alle Teilnehmer der Bl\u00e4serklasse die Juniorpr\u00fcfung erfolgreich abgelegt hatten und \u00fcberreichte jedem der Sch\u00fcler seine Urkunde.<br \/>Mit ein paar fetzigen St\u00fccken verabschiedete sich die Bl\u00e4serklasse, erntete noch einmal viel Applaus und musste sogar noch eine Zugabe spielen.<\/span><\/p><p><span style=\"font-family: 'Calibri',sans-serif; color: black;\">So geht f\u00fcr diese Sch\u00fcler eine \u00c4ra zu Ende, die aber kein Schlussstrich sein soll, sondern die weiterhin das Leben bereichern und mit Freude erf\u00fcllen kann.<\/span><\/p><p>M. Klaner<\/p>\t\t\t\t\t\t\t\t<\/div>\n\t\t\t\t<\/div>\n\t\t\t\t\t<\/div>\n\t\t<\/div>\n\t\t\t\t\t<\/div>\n\t\t<\/section>\n\t\t\t\t<section class=\"elementor-section elementor-top-section elementor-element elementor-element-cdfd421 elementor-section-boxed elementor-section-height-default elementor-section-height-default\" data-id=\"cdfd421\" data-element_type=\"section\" data-e-type=\"section\">\n\t\t\t\t\t\t<div class=\"elementor-container elementor-column-gap-default\">\n\t\t\t\t\t<div class=\"elementor-column elementor-col-33 elementor-top-column elementor-element elementor-element-dbfa6f4\" data-id=\"dbfa6f4\" data-element_type=\"column\" data-e-type=\"column\">\n\t\t\t<div class=\"elementor-widget-wrap elementor-element-populated\">\n\t\t\t\t\t\t<div class=\"elementor-element elementor-element-51ef3be elementor-widget elementor-widget-image\" data-id=\"51ef3be\" data-element_type=\"widget\" data-e-type=\"widget\" data-widget_type=\"image.default\">\n\t\t\t\t<div class=\"elementor-widget-container\">\n\t\t\t\t\t\t\t\t\t\t\t\t\t\t\t\t<a href=\"https:\/\/vs-durach.de\/wp-content\/uploads\/2019\/07\/IMG_20190716_190200.jpg\" data-elementor-open-lightbox=\"yes\" data-elementor-lightbox-title=\"IMG_20190716_190200\" data-e-action-hash=\"#elementor-action%3Aaction%3Dlightbox%26settings%3DeyJpZCI6MjM4NCwidXJsIjoiaHR0cHM6XC9cL3ZzLWR1cmFjaC5kZVwvd3AtY29udGVudFwvdXBsb2Fkc1wvMjAxOVwvMDdcL0lNR18yMDE5MDcxNl8xOTAyMDAuanBnIn0%3D\">\n\t\t\t\t\t\t\t<img fetchpriority=\"high\" decoding=\"async\" width=\"300\" height=\"225\" src=\"https:\/\/vs-durach.de\/wp-content\/uploads\/2019\/07\/IMG_20190716_190200-300x225.jpg\" class=\"attachment-medium size-medium wp-image-2384\" alt=\"\" srcset=\"https:\/\/vs-durach.de\/wp-content\/uploads\/2019\/07\/IMG_20190716_190200-300x225.jpg 300w, https:\/\/vs-durach.de\/wp-content\/uploads\/2019\/07\/IMG_20190716_190200-768x576.jpg 768w, https:\/\/vs-durach.de\/wp-content\/uploads\/2019\/07\/IMG_20190716_190200-285x214.jpg 285w, https:\/\/vs-durach.de\/wp-content\/uploads\/2019\/07\/IMG_20190716_190200.jpg 805w\" sizes=\"(max-width: 300px) 100vw, 300px\" \/>\t\t\t\t\t\t\t\t<\/a>\n\t\t\t\t\t\t\t\t\t\t\t\t\t\t\t<\/div>\n\t\t\t\t<\/div>\n\t\t\t\t\t<\/div>\n\t\t<\/div>\n\t\t\t\t<div class=\"elementor-column elementor-col-33 elementor-top-column elementor-element elementor-element-af5bd3e\" data-id=\"af5bd3e\" data-element_type=\"column\" data-e-type=\"column\">\n\t\t\t<div class=\"elementor-widget-wrap elementor-element-populated\">\n\t\t\t\t\t\t<div class=\"elementor-element elementor-element-4f5237a elementor-widget elementor-widget-image\" data-id=\"4f5237a\" data-element_type=\"widget\" data-e-type=\"widget\" data-widget_type=\"image.default\">\n\t\t\t\t<div class=\"elementor-widget-container\">\n\t\t\t\t\t\t\t\t\t\t\t\t\t\t\t\t<a href=\"https:\/\/vs-durach.de\/wp-content\/uploads\/2019\/07\/IMG_20190716_220305_674.jpg\" data-elementor-open-lightbox=\"yes\" data-elementor-lightbox-title=\"IMG_20190716_220305_674\" data-e-action-hash=\"#elementor-action%3Aaction%3Dlightbox%26settings%3DeyJpZCI6MjM4NiwidXJsIjoiaHR0cHM6XC9cL3ZzLWR1cmFjaC5kZVwvd3AtY29udGVudFwvdXBsb2Fkc1wvMjAxOVwvMDdcL0lNR18yMDE5MDcxNl8yMjAzMDVfNjc0LmpwZyJ9\">\n\t\t\t\t\t\t\t<img decoding=\"async\" width=\"300\" height=\"86\" src=\"https:\/\/vs-durach.de\/wp-content\/uploads\/2019\/07\/IMG_20190716_220305_674-300x86.jpg\" class=\"attachment-medium size-medium wp-image-2386\" alt=\"\" srcset=\"https:\/\/vs-durach.de\/wp-content\/uploads\/2019\/07\/IMG_20190716_220305_674-300x86.jpg 300w, https:\/\/vs-durach.de\/wp-content\/uploads\/2019\/07\/IMG_20190716_220305_674-768x220.jpg 768w, https:\/\/vs-durach.de\/wp-content\/uploads\/2019\/07\/IMG_20190716_220305_674-1024x294.jpg 1024w, https:\/\/vs-durach.de\/wp-content\/uploads\/2019\/07\/IMG_20190716_220305_674.jpg 1352w\" sizes=\"(max-width: 300px) 100vw, 300px\" \/>\t\t\t\t\t\t\t\t<\/a>\n\t\t\t\t\t\t\t\t\t\t\t\t\t\t\t<\/div>\n\t\t\t\t<\/div>\n\t\t\t\t\t<\/div>\n\t\t<\/div>\n\t\t\t\t<div class=\"elementor-column elementor-col-33 elementor-top-column elementor-element elementor-element-68b3943\" data-id=\"68b3943\" data-element_type=\"column\" data-e-type=\"column\">\n\t\t\t<div class=\"elementor-widget-wrap elementor-element-populated\">\n\t\t\t\t\t\t<div class=\"elementor-element elementor-element-8163ff0 elementor-widget elementor-widget-image\" data-id=\"8163ff0\" data-element_type=\"widget\" data-e-type=\"widget\" data-widget_type=\"image.default\">\n\t\t\t\t<div class=\"elementor-widget-container\">\n\t\t\t\t\t\t\t\t\t\t\t\t\t\t\t\t<a href=\"https:\/\/vs-durach.de\/wp-content\/uploads\/2019\/07\/IMG_20190716_191805.jpg\" data-elementor-open-lightbox=\"yes\" data-elementor-lightbox-title=\"IMG_20190716_191805\" data-e-action-hash=\"#elementor-action%3Aaction%3Dlightbox%26settings%3DeyJpZCI6MjM4NSwidXJsIjoiaHR0cHM6XC9cL3ZzLWR1cmFjaC5kZVwvd3AtY29udGVudFwvdXBsb2Fkc1wvMjAxOVwvMDdcL0lNR18yMDE5MDcxNl8xOTE4MDUuanBnIn0%3D\">\n\t\t\t\t\t\t\t<img decoding=\"async\" width=\"225\" height=\"300\" src=\"https:\/\/vs-durach.de\/wp-content\/uploads\/2019\/07\/IMG_20190716_191805-225x300.jpg\" class=\"attachment-medium size-medium wp-image-2385\" alt=\"\" srcset=\"https:\/\/vs-durach.de\/wp-content\/uploads\/2019\/07\/IMG_20190716_191805-225x300.jpg 225w, https:\/\/vs-durach.de\/wp-content\/uploads\/2019\/07\/IMG_20190716_191805.jpg 453w\" sizes=\"(max-width: 225px) 100vw, 225px\" \/>\t\t\t\t\t\t\t\t<\/a>\n\t\t\t\t\t\t\t\t\t\t\t\t\t\t\t<\/div>\n\t\t\t\t<\/div>\n\t\t\t\t\t<\/div>\n\t\t<\/div>\n\t\t\t\t\t<\/div>\n\t\t<\/section>\n\t\t\t\t<\/div>\n\t\t","protected":false},"excerpt":{"rendered":"<p>Am 16. Juli abends um 19 Uhr versammelten sich zahlreiche Eltern, Geschwister und Verwandte, um dem Jahresabschlusskonzert der Bl\u00e4serklasse 2019 zuzuh\u00f6ren. Obwohl nur 12 Musiker stark, brachte diese kleine Gruppe erstaunlich gute Musik auf die B\u00fchne. Gespielt wurden bekannte Melodien, teils ein-, zwei- und sogar dreistimmig gesetzt. Sogar ein Kanon wurde sauber musiziert und lockte&hellip;&nbsp;<a href=\"https:\/\/vs-durach.de\/index.php\/2019\/07\/17\/abschlusskonzert-der-blaeserklasse-mit-urkundenverleihung\/\" rel=\"bookmark\">Weiterlesen &raquo;<span class=\"screen-reader-text\">Abschlusskonzert der Bl\u00e4serklasse mit Urkundenverleihung<\/span><\/a><\/p>\n","protected":false},"author":8,"featured_media":2384,"comment_status":"closed","ping_status":"open","sticky":false,"template":"","format":"standard","meta":{"neve_meta_sidebar":"","neve_meta_container":"","neve_meta_enable_content_width":"","neve_meta_content_width":0,"neve_meta_title_alignment":"","neve_meta_author_avatar":"","neve_post_elements_order":"","neve_meta_disable_header":"","neve_meta_disable_footer":"","neve_meta_disable_title":"","_themeisle_gutenberg_block_has_review":false,"footnotes":""},"categories":[1],"tags":[],"class_list":["post-2383","post","type-post","status-publish","format-standard","has-post-thumbnail","hentry","category-unkategorisiert"],"_links":{"self":[{"href":"https:\/\/vs-durach.de\/index.php\/wp-json\/wp\/v2\/posts\/2383","targetHints":{"allow":["GET"]}}],"collection":[{"href":"https:\/\/vs-durach.de\/index.php\/wp-json\/wp\/v2\/posts"}],"about":[{"href":"https:\/\/vs-durach.de\/index.php\/wp-json\/wp\/v2\/types\/post"}],"author":[{"embeddable":true,"href":"https:\/\/vs-durach.de\/index.php\/wp-json\/wp\/v2\/users\/8"}],"replies":[{"embeddable":true,"href":"https:\/\/vs-durach.de\/index.php\/wp-json\/wp\/v2\/comments?post=2383"}],"version-history":[{"count":3,"href":"https:\/\/vs-durach.de\/index.php\/wp-json\/wp\/v2\/posts\/2383\/revisions"}],"predecessor-version":[{"id":2389,"href":"https:\/\/vs-durach.de\/index.php\/wp-json\/wp\/v2\/posts\/2383\/revisions\/2389"}],"wp:featuredmedia":[{"embeddable":true,"href":"https:\/\/vs-durach.de\/index.php\/wp-json\/wp\/v2\/media\/2384"}],"wp:attachment":[{"href":"https:\/\/vs-durach.de\/index.php\/wp-json\/wp\/v2\/media?parent=2383"}],"wp:term":[{"taxonomy":"category","embeddable":true,"href":"https:\/\/vs-durach.de\/index.php\/wp-json\/wp\/v2\/categories?post=2383"},{"taxonomy":"post_tag","embeddable":true,"href":"https:\/\/vs-durach.de\/index.php\/wp-json\/wp\/v2\/tags?post=2383"}],"curies":[{"name":"wp","href":"https:\/\/api.w.org\/{rel}","templated":true}]}}