{"id":2391,"date":"2019-07-18T11:11:11","date_gmt":"2019-07-18T09:11:11","guid":{"rendered":"http:\/\/vs-durach.de\/?p=2391"},"modified":"2019-07-18T11:13:13","modified_gmt":"2019-07-18T09:13:13","slug":"boschprojekt-tat-vor-ort","status":"publish","type":"post","link":"https:\/\/vs-durach.de\/index.php\/2019\/07\/18\/boschprojekt-tat-vor-ort\/","title":{"rendered":"Boschprojekt: Tat vor Ort"},"content":{"rendered":"\t\t<div data-elementor-type=\"wp-post\" data-elementor-id=\"2391\" class=\"elementor elementor-2391\">\n\t\t\t\t\t\t<section class=\"elementor-section elementor-top-section elementor-element elementor-element-5cb0a1f elementor-section-boxed elementor-section-height-default elementor-section-height-default\" data-id=\"5cb0a1f\" data-element_type=\"section\" data-e-type=\"section\">\n\t\t\t\t\t\t<div class=\"elementor-container elementor-column-gap-default\">\n\t\t\t\t\t<div class=\"elementor-column elementor-col-100 elementor-top-column elementor-element elementor-element-afda788\" data-id=\"afda788\" data-element_type=\"column\" data-e-type=\"column\">\n\t\t\t<div class=\"elementor-widget-wrap elementor-element-populated\">\n\t\t\t\t\t\t<div class=\"elementor-element elementor-element-25de51a elementor-widget elementor-widget-text-editor\" data-id=\"25de51a\" data-element_type=\"widget\" data-e-type=\"widget\" data-widget_type=\"text-editor.default\">\n\t\t\t\t<div class=\"elementor-widget-container\">\n\t\t\t\t\t\t\t\t\t<p>Heute wurde von den Auszubildenden des 2. Lehrjahres der Firma Bosch eine autarke Pflanzs\u00e4ule mit innovativer Technik an die Grund- und Mittelschule Durach \u00fcbergeben. In einem vierw\u00f6chigem Projekt planten, organisierten und bauten die Lehrlinge mit Sch\u00fclern aus der Klasse 8 cM die gute Tat vor Ort in Absprache mit Schulleitung, Gemeindevertretern und betreuendem Techniklehrer N. Holland. F\u00fcr das sehr zeitaufwendige Projekt widmeten die &#8220;Azubis&#8221; der Firma Bosch mit viel Flei\u00df und Herzblut ihre Freizeit selbst an den Wochenenden, um die Pflanzs\u00e4ule termingerecht \u00fcbergeben zu k\u00f6nnen.\u00a0<\/p><p>Das Ergebnis kann sich sehen lassen:\u00a0<\/p>\t\t\t\t\t\t\t\t<\/div>\n\t\t\t\t<\/div>\n\t\t\t\t\t<\/div>\n\t\t<\/div>\n\t\t\t\t\t<\/div>\n\t\t<\/section>\n\t\t\t\t<section class=\"elementor-section elementor-top-section elementor-element elementor-element-77d43ad elementor-section-boxed elementor-section-height-default elementor-section-height-default\" data-id=\"77d43ad\" data-element_type=\"section\" data-e-type=\"section\">\n\t\t\t\t\t\t<div class=\"elementor-container elementor-column-gap-default\">\n\t\t\t\t\t<div class=\"elementor-column elementor-col-100 elementor-top-column elementor-element elementor-element-389fc28\" data-id=\"389fc28\" data-element_type=\"column\" data-e-type=\"column\">\n\t\t\t<div class=\"elementor-widget-wrap elementor-element-populated\">\n\t\t\t\t\t\t<div class=\"elementor-element elementor-element-a7018b9 elementor-widget elementor-widget-image\" data-id=\"a7018b9\" data-element_type=\"widget\" data-e-type=\"widget\" data-widget_type=\"image.default\">\n\t\t\t\t<div class=\"elementor-widget-container\">\n\t\t\t\t\t\t\t\t\t\t\t\t\t\t\t\t<a href=\"https:\/\/vs-durach.de\/wp-content\/uploads\/2019\/07\/Saeule3.jpg\" data-elementor-open-lightbox=\"yes\" data-elementor-lightbox-title=\"Saeule3\" data-e-action-hash=\"#elementor-action%3Aaction%3Dlightbox%26settings%3DeyJpZCI6MjM5NSwidXJsIjoiaHR0cHM6XC9cL3ZzLWR1cmFjaC5kZVwvd3AtY29udGVudFwvdXBsb2Fkc1wvMjAxOVwvMDdcL1NhZXVsZTMuanBnIn0%3D\">\n\t\t\t\t\t\t\t<img fetchpriority=\"high\" decoding=\"async\" width=\"300\" height=\"172\" src=\"https:\/\/vs-durach.de\/wp-content\/uploads\/2019\/07\/Saeule3-300x172.jpg\" class=\"attachment-medium size-medium wp-image-2395\" alt=\"\" srcset=\"https:\/\/vs-durach.de\/wp-content\/uploads\/2019\/07\/Saeule3-300x172.jpg 300w, https:\/\/vs-durach.de\/wp-content\/uploads\/2019\/07\/Saeule3.jpg 756w\" sizes=\"(max-width: 300px) 100vw, 300px\" \/>\t\t\t\t\t\t\t\t<\/a>\n\t\t\t\t\t\t\t\t\t\t\t\t\t\t\t<\/div>\n\t\t\t\t<\/div>\n\t\t\t\t\t<\/div>\n\t\t<\/div>\n\t\t\t\t\t<\/div>\n\t\t<\/section>\n\t\t\t\t<section class=\"elementor-section elementor-top-section elementor-element elementor-element-ec3caf9 elementor-section-boxed elementor-section-height-default elementor-section-height-default\" data-id=\"ec3caf9\" data-element_type=\"section\" data-e-type=\"section\">\n\t\t\t\t\t\t<div class=\"elementor-container elementor-column-gap-default\">\n\t\t\t\t\t<div class=\"elementor-column elementor-col-100 elementor-top-column elementor-element elementor-element-57528a3\" data-id=\"57528a3\" data-element_type=\"column\" data-e-type=\"column\">\n\t\t\t<div class=\"elementor-widget-wrap elementor-element-populated\">\n\t\t\t\t\t\t<div class=\"elementor-element elementor-element-84f67e7 elementor-widget elementor-widget-text-editor\" data-id=\"84f67e7\" data-element_type=\"widget\" data-e-type=\"widget\" data-widget_type=\"text-editor.default\">\n\t\t\t\t<div class=\"elementor-widget-container\">\n\t\t\t\t\t\t\t\t\t<p>Die Pflanzs\u00e4ule hat ein voll automatisches Bew\u00e4sserungssystem das Regenwasser auff\u00e4ngt und in ihrem Inneren in einem Wassertank speichert. Dies wird durch eine intelligente Steuerung (Erdfeuchtemesser, Lichtsensor bzw. Zeitsteuerung) bei Bedarf wieder dosiert an die Pflanzen abgegeben. Die Energie f\u00fcr die Bew\u00e4sserungspumpe und der Steuerung wird von einer kleinen PV Einheit in einem Akku gespeichert, um bei Bedarf diese zu betreiben. Bei Wassermangel kann mit einem herk\u00f6mmlichen Gartenschlauch Wasser nachgef\u00fcllt werden.<\/p><p>Wir, die Schulfamilie, freuen uns sehr \u00fcber die Versch\u00f6nerung unseres Eingangsbereiches! Auch f\u00fcr alle B\u00fcrger der Gemeinde ist die Pflanzs\u00e4ule ein toller &#8220;Hingucker&#8221;.<\/p><p>Herzlichen Dank an die Lehrlinge der Firma Bosch!<\/p>\t\t\t\t\t\t\t\t<\/div>\n\t\t\t\t<\/div>\n\t\t\t\t\t<\/div>\n\t\t<\/div>\n\t\t\t\t\t<\/div>\n\t\t<\/section>\n\t\t\t\t<section class=\"elementor-section elementor-top-section elementor-element elementor-element-4f2e9b3 elementor-section-boxed elementor-section-height-default elementor-section-height-default\" data-id=\"4f2e9b3\" data-element_type=\"section\" data-e-type=\"section\">\n\t\t\t\t\t\t<div class=\"elementor-container elementor-column-gap-default\">\n\t\t\t\t\t<div class=\"elementor-column elementor-col-50 elementor-top-column elementor-element elementor-element-1d2cec8\" data-id=\"1d2cec8\" data-element_type=\"column\" data-e-type=\"column\">\n\t\t\t<div class=\"elementor-widget-wrap elementor-element-populated\">\n\t\t\t\t\t\t<div class=\"elementor-element elementor-element-d72726a elementor-widget elementor-widget-image\" data-id=\"d72726a\" data-element_type=\"widget\" data-e-type=\"widget\" data-widget_type=\"image.default\">\n\t\t\t\t<div class=\"elementor-widget-container\">\n\t\t\t\t\t\t\t\t\t\t\t\t\t\t\t\t<a href=\"https:\/\/vs-durach.de\/wp-content\/uploads\/2019\/07\/Saeule2.jpg\" data-elementor-open-lightbox=\"yes\" data-elementor-lightbox-title=\"Saeule2\" data-e-action-hash=\"#elementor-action%3Aaction%3Dlightbox%26settings%3DeyJpZCI6MjM5NCwidXJsIjoiaHR0cHM6XC9cL3ZzLWR1cmFjaC5kZVwvd3AtY29udGVudFwvdXBsb2Fkc1wvMjAxOVwvMDdcL1NhZXVsZTIuanBnIn0%3D\">\n\t\t\t\t\t\t\t<img decoding=\"async\" width=\"300\" height=\"208\" src=\"https:\/\/vs-durach.de\/wp-content\/uploads\/2019\/07\/Saeule2-300x208.jpg\" class=\"attachment-medium size-medium wp-image-2394\" alt=\"\" srcset=\"https:\/\/vs-durach.de\/wp-content\/uploads\/2019\/07\/Saeule2-300x208.jpg 300w, https:\/\/vs-durach.de\/wp-content\/uploads\/2019\/07\/Saeule2.jpg 742w\" sizes=\"(max-width: 300px) 100vw, 300px\" \/>\t\t\t\t\t\t\t\t<\/a>\n\t\t\t\t\t\t\t\t\t\t\t\t\t\t\t<\/div>\n\t\t\t\t<\/div>\n\t\t\t\t\t<\/div>\n\t\t<\/div>\n\t\t\t\t<div class=\"elementor-column elementor-col-50 elementor-top-column elementor-element elementor-element-ccbdc00\" data-id=\"ccbdc00\" data-element_type=\"column\" data-e-type=\"column\">\n\t\t\t<div class=\"elementor-widget-wrap elementor-element-populated\">\n\t\t\t\t\t\t<div class=\"elementor-element elementor-element-767bd8e elementor-widget elementor-widget-image\" data-id=\"767bd8e\" data-element_type=\"widget\" data-e-type=\"widget\" data-widget_type=\"image.default\">\n\t\t\t\t<div class=\"elementor-widget-container\">\n\t\t\t\t\t\t\t\t\t\t\t\t\t\t\t\t<a href=\"https:\/\/vs-durach.de\/wp-content\/uploads\/2019\/07\/Azubis.jpg\" data-elementor-open-lightbox=\"yes\" data-elementor-lightbox-title=\"Azubis\" data-e-action-hash=\"#elementor-action%3Aaction%3Dlightbox%26settings%3DeyJpZCI6MjM5MiwidXJsIjoiaHR0cHM6XC9cL3ZzLWR1cmFjaC5kZVwvd3AtY29udGVudFwvdXBsb2Fkc1wvMjAxOVwvMDdcL0F6dWJpcy5qcGcifQ%3D%3D\">\n\t\t\t\t\t\t\t<img decoding=\"async\" width=\"300\" height=\"268\" src=\"https:\/\/vs-durach.de\/wp-content\/uploads\/2019\/07\/Azubis-300x268.jpg\" class=\"attachment-medium size-medium wp-image-2392\" alt=\"\" srcset=\"https:\/\/vs-durach.de\/wp-content\/uploads\/2019\/07\/Azubis-300x268.jpg 300w, https:\/\/vs-durach.de\/wp-content\/uploads\/2019\/07\/Azubis.jpg 593w\" sizes=\"(max-width: 300px) 100vw, 300px\" \/>\t\t\t\t\t\t\t\t<\/a>\n\t\t\t\t\t\t\t\t\t\t\t\t\t\t\t<\/div>\n\t\t\t\t<\/div>\n\t\t\t\t\t<\/div>\n\t\t<\/div>\n\t\t\t\t\t<\/div>\n\t\t<\/section>\n\t\t\t\t<section class=\"elementor-section elementor-top-section elementor-element elementor-element-9bb98cd elementor-section-boxed elementor-section-height-default elementor-section-height-default\" data-id=\"9bb98cd\" data-element_type=\"section\" data-e-type=\"section\">\n\t\t\t\t\t\t<div class=\"elementor-container elementor-column-gap-default\">\n\t\t\t\t\t<div class=\"elementor-column elementor-col-50 elementor-top-column elementor-element elementor-element-be90527\" data-id=\"be90527\" data-element_type=\"column\" data-e-type=\"column\">\n\t\t\t<div class=\"elementor-widget-wrap elementor-element-populated\">\n\t\t\t\t\t\t<div class=\"elementor-element elementor-element-7c62e06 elementor-widget elementor-widget-image\" data-id=\"7c62e06\" data-element_type=\"widget\" data-e-type=\"widget\" data-widget_type=\"image.default\">\n\t\t\t\t<div class=\"elementor-widget-container\">\n\t\t\t\t\t\t\t\t\t\t\t\t\t\t\t\t<a href=\"https:\/\/vs-durach.de\/wp-content\/uploads\/2019\/07\/Schild.jpg\" data-elementor-open-lightbox=\"yes\" data-elementor-lightbox-title=\"Schild\" data-e-action-hash=\"#elementor-action%3Aaction%3Dlightbox%26settings%3DeyJpZCI6MjM5NiwidXJsIjoiaHR0cHM6XC9cL3ZzLWR1cmFjaC5kZVwvd3AtY29udGVudFwvdXBsb2Fkc1wvMjAxOVwvMDdcL1NjaGlsZC5qcGcifQ%3D%3D\">\n\t\t\t\t\t\t\t<img loading=\"lazy\" decoding=\"async\" width=\"300\" height=\"162\" src=\"https:\/\/vs-durach.de\/wp-content\/uploads\/2019\/07\/Schild-300x162.jpg\" class=\"attachment-medium size-medium wp-image-2396\" alt=\"\" srcset=\"https:\/\/vs-durach.de\/wp-content\/uploads\/2019\/07\/Schild-300x162.jpg 300w, https:\/\/vs-durach.de\/wp-content\/uploads\/2019\/07\/Schild.jpg 691w\" sizes=\"(max-width: 300px) 100vw, 300px\" \/>\t\t\t\t\t\t\t\t<\/a>\n\t\t\t\t\t\t\t\t\t\t\t\t\t\t\t<\/div>\n\t\t\t\t<\/div>\n\t\t\t\t\t<\/div>\n\t\t<\/div>\n\t\t\t\t<div class=\"elementor-column elementor-col-50 elementor-top-column elementor-element elementor-element-48c7c80\" data-id=\"48c7c80\" data-element_type=\"column\" data-e-type=\"column\">\n\t\t\t<div class=\"elementor-widget-wrap elementor-element-populated\">\n\t\t\t\t\t\t<div class=\"elementor-element elementor-element-2bbe89f elementor-widget elementor-widget-image\" data-id=\"2bbe89f\" data-element_type=\"widget\" data-e-type=\"widget\" data-widget_type=\"image.default\">\n\t\t\t\t<div class=\"elementor-widget-container\">\n\t\t\t\t\t\t\t\t\t\t\t\t\t\t\t\t<a href=\"https:\/\/vs-durach.de\/wp-content\/uploads\/2019\/07\/Saeule1.jpg\" data-elementor-open-lightbox=\"yes\" data-elementor-lightbox-title=\"Saeule1\" data-e-action-hash=\"#elementor-action%3Aaction%3Dlightbox%26settings%3DeyJpZCI6MjM5MywidXJsIjoiaHR0cHM6XC9cL3ZzLWR1cmFjaC5kZVwvd3AtY29udGVudFwvdXBsb2Fkc1wvMjAxOVwvMDdcL1NhZXVsZTEuanBnIn0%3D\">\n\t\t\t\t\t\t\t<img loading=\"lazy\" decoding=\"async\" width=\"300\" height=\"172\" src=\"https:\/\/vs-durach.de\/wp-content\/uploads\/2019\/07\/Saeule1-300x172.jpg\" class=\"attachment-medium size-medium wp-image-2393\" alt=\"\" srcset=\"https:\/\/vs-durach.de\/wp-content\/uploads\/2019\/07\/Saeule1-300x172.jpg 300w, https:\/\/vs-durach.de\/wp-content\/uploads\/2019\/07\/Saeule1-768x439.jpg 768w, https:\/\/vs-durach.de\/wp-content\/uploads\/2019\/07\/Saeule1.jpg 776w\" sizes=\"(max-width: 300px) 100vw, 300px\" \/>\t\t\t\t\t\t\t\t<\/a>\n\t\t\t\t\t\t\t\t\t\t\t\t\t\t\t<\/div>\n\t\t\t\t<\/div>\n\t\t\t\t\t<\/div>\n\t\t<\/div>\n\t\t\t\t\t<\/div>\n\t\t<\/section>\n\t\t\t\t<\/div>\n\t\t","protected":false},"excerpt":{"rendered":"<p>Heute wurde von den Auszubildenden des 2. Lehrjahres der Firma Bosch eine autarke Pflanzs\u00e4ule mit innovativer Technik an die Grund- und Mittelschule Durach \u00fcbergeben. In einem vierw\u00f6chigem Projekt planten, organisierten und bauten die Lehrlinge mit Sch\u00fclern aus der Klasse 8 cM die gute Tat vor Ort in Absprache mit Schulleitung, Gemeindevertretern und betreuendem Techniklehrer N.&hellip;&nbsp;<a href=\"https:\/\/vs-durach.de\/index.php\/2019\/07\/18\/boschprojekt-tat-vor-ort\/\" rel=\"bookmark\">Weiterlesen &raquo;<span class=\"screen-reader-text\">Boschprojekt: Tat vor Ort<\/span><\/a><\/p>\n","protected":false},"author":8,"featured_media":2395,"comment_status":"closed","ping_status":"open","sticky":false,"template":"","format":"standard","meta":{"neve_meta_sidebar":"","neve_meta_container":"","neve_meta_enable_content_width":"","neve_meta_content_width":0,"neve_meta_title_alignment":"","neve_meta_author_avatar":"","neve_post_elements_order":"","neve_meta_disable_header":"","neve_meta_disable_footer":"","neve_meta_disable_title":"","_themeisle_gutenberg_block_has_review":false,"footnotes":""},"categories":[1],"tags":[],"class_list":["post-2391","post","type-post","status-publish","format-standard","has-post-thumbnail","hentry","category-unkategorisiert"],"_links":{"self":[{"href":"https:\/\/vs-durach.de\/index.php\/wp-json\/wp\/v2\/posts\/2391","targetHints":{"allow":["GET"]}}],"collection":[{"href":"https:\/\/vs-durach.de\/index.php\/wp-json\/wp\/v2\/posts"}],"about":[{"href":"https:\/\/vs-durach.de\/index.php\/wp-json\/wp\/v2\/types\/post"}],"author":[{"embeddable":true,"href":"https:\/\/vs-durach.de\/index.php\/wp-json\/wp\/v2\/users\/8"}],"replies":[{"embeddable":true,"href":"https:\/\/vs-durach.de\/index.php\/wp-json\/wp\/v2\/comments?post=2391"}],"version-history":[{"count":2,"href":"https:\/\/vs-durach.de\/index.php\/wp-json\/wp\/v2\/posts\/2391\/revisions"}],"predecessor-version":[{"id":2398,"href":"https:\/\/vs-durach.de\/index.php\/wp-json\/wp\/v2\/posts\/2391\/revisions\/2398"}],"wp:featuredmedia":[{"embeddable":true,"href":"https:\/\/vs-durach.de\/index.php\/wp-json\/wp\/v2\/media\/2395"}],"wp:attachment":[{"href":"https:\/\/vs-durach.de\/index.php\/wp-json\/wp\/v2\/media?parent=2391"}],"wp:term":[{"taxonomy":"category","embeddable":true,"href":"https:\/\/vs-durach.de\/index.php\/wp-json\/wp\/v2\/categories?post=2391"},{"taxonomy":"post_tag","embeddable":true,"href":"https:\/\/vs-durach.de\/index.php\/wp-json\/wp\/v2\/tags?post=2391"}],"curies":[{"name":"wp","href":"https:\/\/api.w.org\/{rel}","templated":true}]}}