{"id":2620,"date":"2019-11-26T07:33:58","date_gmt":"2019-11-26T06:33:58","guid":{"rendered":"http:\/\/vs-durach.de\/?p=2620"},"modified":"2019-11-26T07:38:31","modified_gmt":"2019-11-26T06:38:31","slug":"adventskalender-mit-malwettbewerb","status":"publish","type":"post","link":"https:\/\/vs-durach.de\/index.php\/2019\/11\/26\/adventskalender-mit-malwettbewerb\/","title":{"rendered":"Adventskalender mit Malwettbewerb"},"content":{"rendered":"\t\t<div data-elementor-type=\"wp-post\" data-elementor-id=\"2620\" class=\"elementor elementor-2620\">\n\t\t\t\t\t\t<section class=\"elementor-section elementor-top-section elementor-element elementor-element-e08ffa1 elementor-section-boxed elementor-section-height-default elementor-section-height-default\" data-id=\"e08ffa1\" data-element_type=\"section\" data-e-type=\"section\">\n\t\t\t\t\t\t<div class=\"elementor-container elementor-column-gap-default\">\n\t\t\t\t\t<div class=\"elementor-column elementor-col-100 elementor-top-column elementor-element elementor-element-495bc15\" data-id=\"495bc15\" data-element_type=\"column\" data-e-type=\"column\">\n\t\t\t<div class=\"elementor-widget-wrap elementor-element-populated\">\n\t\t\t\t\t\t<div class=\"elementor-element elementor-element-198c516 elementor-widget elementor-widget-text-editor\" data-id=\"198c516\" data-element_type=\"widget\" data-e-type=\"widget\" data-widget_type=\"text-editor.default\">\n\t\t\t\t<div class=\"elementor-widget-container\">\n\t\t\t\t\t\t\t\t\t<p>F\u00fcr den diesj\u00e4hrigen Adventskalender in der Aula konnten alle Sch\u00fclerinnen und Sch\u00fcler bei einem Malwettbewerb mitmachen. Fast 100 tolle Kunstwerke kamen so zusammen.<\/p><p>Die Kunst-AG w\u00e4hlte daraus ihre 24 Lieblingsbilder. Das war gar nicht so einfach!<\/p><p>Die Gewinner-Bilder werden dann jeden Tag im Advent am Adventskalender aufgeh\u00e4ngt.<\/p><p>Vielleicht ist ja dein Bild auch dabei?<\/p><p>Wir danken euch auf alle F\u00e4lle, dass ihr euch so viel M\u00fche gemacht und zahlreich teilgenommen habt!<\/p><p>\u00a0 \u00a0 \u00a0 \u00a0 \u00a0 \u00a0 \u00a0 \u00a0 \u00a0 \u00a0 \u00a0 \u00a0 \u00a0 \u00a0 \u00a0 \u00a0 \u00a0 \u00a0 \u00a0 \u00a0 \u00a0 \u00a0 \u00a0 \u00a0 \u00a0 \u00a0 \u00a0 \u00a0 \u00a0 \u00a0 \u00a0 \u00a0 \u00a0 \u00a0 \u00a0 \u00a0 \u00a0 \u00a0 \u00a0 \u00a0 \u00a0 \u00a0 \u00a0 \u00a0 \u00a0 \u00a0 \u00a0 \u00a0 \u00a0 \u00a0 \u00a0 \u00a0 \u00a0 \u00a0 \u00a0 \u00a0 \u00a0 \u00a0 \u00a0 \u00a0 \u00a0 \u00a0 \u00a0 \u00a0 \u00a0 \u00a0 \u00a0 \u00a0 \u00a0 \u00a0Eure Kunst-AG<\/p>\t\t\t\t\t\t\t\t<\/div>\n\t\t\t\t<\/div>\n\t\t\t\t\t<\/div>\n\t\t<\/div>\n\t\t\t\t\t<\/div>\n\t\t<\/section>\n\t\t\t\t<section class=\"elementor-section elementor-top-section elementor-element elementor-element-3dfa63a elementor-section-boxed elementor-section-height-default elementor-section-height-default\" data-id=\"3dfa63a\" data-element_type=\"section\" data-e-type=\"section\">\n\t\t\t\t\t\t<div class=\"elementor-container elementor-column-gap-default\">\n\t\t\t\t\t<div class=\"elementor-column elementor-col-33 elementor-top-column elementor-element elementor-element-d3f2305\" data-id=\"d3f2305\" data-element_type=\"column\" data-e-type=\"column\">\n\t\t\t<div class=\"elementor-widget-wrap elementor-element-populated\">\n\t\t\t\t\t\t<div class=\"elementor-element elementor-element-3d1e4a8 elementor-widget elementor-widget-image\" data-id=\"3d1e4a8\" data-element_type=\"widget\" data-e-type=\"widget\" data-widget_type=\"image.default\">\n\t\t\t\t<div class=\"elementor-widget-container\">\n\t\t\t\t\t\t\t\t\t\t\t\t\t\t\t\t<a href=\"https:\/\/vs-durach.de\/wp-content\/uploads\/2019\/11\/IMG_6881-2.jpg\" data-elementor-open-lightbox=\"yes\" data-elementor-lightbox-title=\"IMG_6881 (2)\" data-e-action-hash=\"#elementor-action%3Aaction%3Dlightbox%26settings%3DeyJpZCI6MjYyMiwidXJsIjoiaHR0cHM6XC9cL3ZzLWR1cmFjaC5kZVwvd3AtY29udGVudFwvdXBsb2Fkc1wvMjAxOVwvMTFcL0lNR182ODgxLTIuanBnIn0%3D\">\n\t\t\t\t\t\t\t<img fetchpriority=\"high\" decoding=\"async\" width=\"296\" height=\"300\" src=\"https:\/\/vs-durach.de\/wp-content\/uploads\/2019\/11\/IMG_6881-2-296x300.jpg\" class=\"attachment-medium size-medium wp-image-2622\" alt=\"\" srcset=\"https:\/\/vs-durach.de\/wp-content\/uploads\/2019\/11\/IMG_6881-2-296x300.jpg 296w, https:\/\/vs-durach.de\/wp-content\/uploads\/2019\/11\/IMG_6881-2-768x777.jpg 768w, https:\/\/vs-durach.de\/wp-content\/uploads\/2019\/11\/IMG_6881-2-1012x1024.jpg 1012w\" sizes=\"(max-width: 296px) 100vw, 296px\" \/>\t\t\t\t\t\t\t\t<\/a>\n\t\t\t\t\t\t\t\t\t\t\t\t\t\t\t<\/div>\n\t\t\t\t<\/div>\n\t\t\t\t\t<\/div>\n\t\t<\/div>\n\t\t\t\t<div class=\"elementor-column elementor-col-33 elementor-top-column elementor-element elementor-element-a9e314c\" data-id=\"a9e314c\" data-element_type=\"column\" data-e-type=\"column\">\n\t\t\t<div class=\"elementor-widget-wrap elementor-element-populated\">\n\t\t\t\t\t\t<div class=\"elementor-element elementor-element-95f2897 elementor-widget elementor-widget-image\" data-id=\"95f2897\" data-element_type=\"widget\" data-e-type=\"widget\" data-widget_type=\"image.default\">\n\t\t\t\t<div class=\"elementor-widget-container\">\n\t\t\t\t\t\t\t\t\t\t\t\t\t\t\t\t<a href=\"https:\/\/vs-durach.de\/wp-content\/uploads\/2019\/11\/IMG_6869.jpg\" data-elementor-open-lightbox=\"yes\" data-elementor-lightbox-title=\"IMG_6869\" data-e-action-hash=\"#elementor-action%3Aaction%3Dlightbox%26settings%3DeyJpZCI6MjYyMSwidXJsIjoiaHR0cHM6XC9cL3ZzLWR1cmFjaC5kZVwvd3AtY29udGVudFwvdXBsb2Fkc1wvMjAxOVwvMTFcL0lNR182ODY5LmpwZyJ9\">\n\t\t\t\t\t\t\t<img decoding=\"async\" width=\"300\" height=\"165\" src=\"https:\/\/vs-durach.de\/wp-content\/uploads\/2019\/11\/IMG_6869-300x165.jpg\" class=\"attachment-medium size-medium wp-image-2621\" alt=\"\" srcset=\"https:\/\/vs-durach.de\/wp-content\/uploads\/2019\/11\/IMG_6869-300x165.jpg 300w, https:\/\/vs-durach.de\/wp-content\/uploads\/2019\/11\/IMG_6869-768x422.jpg 768w, https:\/\/vs-durach.de\/wp-content\/uploads\/2019\/11\/IMG_6869-1024x563.jpg 1024w\" sizes=\"(max-width: 300px) 100vw, 300px\" \/>\t\t\t\t\t\t\t\t<\/a>\n\t\t\t\t\t\t\t\t\t\t\t\t\t\t\t<\/div>\n\t\t\t\t<\/div>\n\t\t\t\t\t<\/div>\n\t\t<\/div>\n\t\t\t\t<div class=\"elementor-column elementor-col-33 elementor-top-column elementor-element elementor-element-4153a07\" data-id=\"4153a07\" data-element_type=\"column\" data-e-type=\"column\">\n\t\t\t<div class=\"elementor-widget-wrap elementor-element-populated\">\n\t\t\t\t\t\t<div class=\"elementor-element elementor-element-a0301c9 elementor-widget elementor-widget-image\" data-id=\"a0301c9\" data-element_type=\"widget\" data-e-type=\"widget\" data-widget_type=\"image.default\">\n\t\t\t\t<div class=\"elementor-widget-container\">\n\t\t\t\t\t\t\t\t\t\t\t\t\t\t\t\t<a href=\"https:\/\/vs-durach.de\/wp-content\/uploads\/2019\/11\/IMG_6883-2.jpg\" data-elementor-open-lightbox=\"yes\" data-elementor-lightbox-title=\"IMG_6883 (2)\" data-e-action-hash=\"#elementor-action%3Aaction%3Dlightbox%26settings%3DeyJpZCI6MjYyMywidXJsIjoiaHR0cHM6XC9cL3ZzLWR1cmFjaC5kZVwvd3AtY29udGVudFwvdXBsb2Fkc1wvMjAxOVwvMTFcL0lNR182ODgzLTIuanBnIn0%3D\">\n\t\t\t\t\t\t\t<img decoding=\"async\" width=\"291\" height=\"300\" src=\"https:\/\/vs-durach.de\/wp-content\/uploads\/2019\/11\/IMG_6883-2-291x300.jpg\" class=\"attachment-medium size-medium wp-image-2623\" alt=\"\" srcset=\"https:\/\/vs-durach.de\/wp-content\/uploads\/2019\/11\/IMG_6883-2-291x300.jpg 291w, https:\/\/vs-durach.de\/wp-content\/uploads\/2019\/11\/IMG_6883-2-768x791.jpg 768w, https:\/\/vs-durach.de\/wp-content\/uploads\/2019\/11\/IMG_6883-2-994x1024.jpg 994w\" sizes=\"(max-width: 291px) 100vw, 291px\" \/>\t\t\t\t\t\t\t\t<\/a>\n\t\t\t\t\t\t\t\t\t\t\t\t\t\t\t<\/div>\n\t\t\t\t<\/div>\n\t\t\t\t\t<\/div>\n\t\t<\/div>\n\t\t\t\t\t<\/div>\n\t\t<\/section>\n\t\t\t\t<\/div>\n\t\t","protected":false},"excerpt":{"rendered":"<p>F\u00fcr den diesj\u00e4hrigen Adventskalender in der Aula konnten alle Sch\u00fclerinnen und Sch\u00fcler bei einem Malwettbewerb mitmachen. Fast 100 tolle Kunstwerke kamen so zusammen. Die Kunst-AG w\u00e4hlte daraus ihre 24 Lieblingsbilder. Das war gar nicht so einfach! Die Gewinner-Bilder werden dann jeden Tag im Advent am Adventskalender aufgeh\u00e4ngt. Vielleicht ist ja dein Bild auch dabei? Wir&hellip;&nbsp;<a href=\"https:\/\/vs-durach.de\/index.php\/2019\/11\/26\/adventskalender-mit-malwettbewerb\/\" rel=\"bookmark\">Weiterlesen &raquo;<span class=\"screen-reader-text\">Adventskalender mit Malwettbewerb<\/span><\/a><\/p>\n","protected":false},"author":8,"featured_media":2622,"comment_status":"closed","ping_status":"open","sticky":false,"template":"","format":"standard","meta":{"neve_meta_sidebar":"","neve_meta_container":"","neve_meta_enable_content_width":"","neve_meta_content_width":0,"neve_meta_title_alignment":"","neve_meta_author_avatar":"","neve_post_elements_order":"","neve_meta_disable_header":"","neve_meta_disable_footer":"","neve_meta_disable_title":"","_themeisle_gutenberg_block_has_review":false,"footnotes":""},"categories":[33],"tags":[],"class_list":["post-2620","post","type-post","status-publish","format-standard","has-post-thumbnail","hentry","category-aktuelles-2019-2020"],"_links":{"self":[{"href":"https:\/\/vs-durach.de\/index.php\/wp-json\/wp\/v2\/posts\/2620","targetHints":{"allow":["GET"]}}],"collection":[{"href":"https:\/\/vs-durach.de\/index.php\/wp-json\/wp\/v2\/posts"}],"about":[{"href":"https:\/\/vs-durach.de\/index.php\/wp-json\/wp\/v2\/types\/post"}],"author":[{"embeddable":true,"href":"https:\/\/vs-durach.de\/index.php\/wp-json\/wp\/v2\/users\/8"}],"replies":[{"embeddable":true,"href":"https:\/\/vs-durach.de\/index.php\/wp-json\/wp\/v2\/comments?post=2620"}],"version-history":[{"count":3,"href":"https:\/\/vs-durach.de\/index.php\/wp-json\/wp\/v2\/posts\/2620\/revisions"}],"predecessor-version":[{"id":2626,"href":"https:\/\/vs-durach.de\/index.php\/wp-json\/wp\/v2\/posts\/2620\/revisions\/2626"}],"wp:featuredmedia":[{"embeddable":true,"href":"https:\/\/vs-durach.de\/index.php\/wp-json\/wp\/v2\/media\/2622"}],"wp:attachment":[{"href":"https:\/\/vs-durach.de\/index.php\/wp-json\/wp\/v2\/media?parent=2620"}],"wp:term":[{"taxonomy":"category","embeddable":true,"href":"https:\/\/vs-durach.de\/index.php\/wp-json\/wp\/v2\/categories?post=2620"},{"taxonomy":"post_tag","embeddable":true,"href":"https:\/\/vs-durach.de\/index.php\/wp-json\/wp\/v2\/tags?post=2620"}],"curies":[{"name":"wp","href":"https:\/\/api.w.org\/{rel}","templated":true}]}}