{"id":2652,"date":"2019-12-05T10:02:17","date_gmt":"2019-12-05T09:02:17","guid":{"rendered":"http:\/\/vs-durach.de\/?p=2652"},"modified":"2019-12-05T10:06:03","modified_gmt":"2019-12-05T09:06:03","slug":"vorlesewettbewerb-in-der-grundschule-2","status":"publish","type":"post","link":"https:\/\/vs-durach.de\/index.php\/2019\/12\/05\/vorlesewettbewerb-in-der-grundschule-2\/","title":{"rendered":"Vorlesewettbewerb in der Grundschule"},"content":{"rendered":"\t\t<div data-elementor-type=\"wp-post\" data-elementor-id=\"2652\" class=\"elementor elementor-2652\">\n\t\t\t\t\t\t<section class=\"elementor-section elementor-top-section elementor-element elementor-element-27765c9 elementor-section-boxed elementor-section-height-default elementor-section-height-default\" data-id=\"27765c9\" data-element_type=\"section\" data-e-type=\"section\">\n\t\t\t\t\t\t<div class=\"elementor-container elementor-column-gap-default\">\n\t\t\t\t\t<div class=\"elementor-column elementor-col-100 elementor-top-column elementor-element elementor-element-7ceb354\" data-id=\"7ceb354\" data-element_type=\"column\" data-e-type=\"column\">\n\t\t\t<div class=\"elementor-widget-wrap elementor-element-populated\">\n\t\t\t\t\t\t<div class=\"elementor-element elementor-element-cd036d2 elementor-widget elementor-widget-text-editor\" data-id=\"cd036d2\" data-element_type=\"widget\" data-e-type=\"widget\" data-widget_type=\"text-editor.default\">\n\t\t\t\t<div class=\"elementor-widget-container\">\n\t\t\t\t\t\t\t\t\t<p>Vor zwei Wochen fand wie jedes Jahr unser Lesewettbewerb in der Grundschule statt, an dem alle Kinder der\u00a0 \u00a0 \u00a0 2.- 4. Klassen teilnahmen. Es wurde \u00fcber die Herbstferien flei\u00dfig ge\u00fcbt und anschlie\u00dfend in den Klassen vorgelesen, so dass es nicht leicht fiel zu entscheiden, wer dieses Mal die Klasse in der Zwischenrunde vertreten sollte. Vor einer Jury traten dann die 18 Klassensieger gegeneinander an. Die meisten waren ziemlich aufgeregt, als sie jeweils einen bekannten und einen unbekannten Text vortrugen. Auch dieses Jahr beeindruckten die Kinder jedoch die Jury durch ihren Mut und durch ihr K\u00f6nnen. Sogar die kleinsten schafften es schon ihre Texte betont und fl\u00fcssig vorzulesen.<\/p><p>Am Ende standen die sieben Stufensieger fest, die nochmals in der Endrunde gegeneinander antraten und wieder tolle Leistungen zeigten.\u00a0<\/p>\t\t\t\t\t\t\t\t<\/div>\n\t\t\t\t<\/div>\n\t\t\t\t\t<\/div>\n\t\t<\/div>\n\t\t\t\t\t<\/div>\n\t\t<\/section>\n\t\t\t\t<section class=\"elementor-section elementor-top-section elementor-element elementor-element-6a4cb88 elementor-section-boxed elementor-section-height-default elementor-section-height-default\" data-id=\"6a4cb88\" data-element_type=\"section\" data-e-type=\"section\">\n\t\t\t\t\t\t<div class=\"elementor-container elementor-column-gap-default\">\n\t\t\t\t\t<div class=\"elementor-column elementor-col-100 elementor-top-column elementor-element elementor-element-8e046bc\" data-id=\"8e046bc\" data-element_type=\"column\" data-e-type=\"column\">\n\t\t\t<div class=\"elementor-widget-wrap elementor-element-populated\">\n\t\t\t\t\t\t<div class=\"elementor-element elementor-element-c8499e5 elementor-widget elementor-widget-image\" data-id=\"c8499e5\" data-element_type=\"widget\" data-e-type=\"widget\" data-widget_type=\"image.default\">\n\t\t\t\t<div class=\"elementor-widget-container\">\n\t\t\t\t\t\t\t\t\t\t\t\t<figure class=\"wp-caption\">\n\t\t\t\t\t\t\t\t\t\t\t<a href=\"https:\/\/vs-durach.de\/wp-content\/uploads\/2019\/12\/IMG-20191203-WA0001.jpg\" data-elementor-open-lightbox=\"yes\" data-elementor-lightbox-title=\"IMG-20191203-WA0001\" data-e-action-hash=\"#elementor-action%3Aaction%3Dlightbox%26settings%3DeyJpZCI6MjY1MywidXJsIjoiaHR0cHM6XC9cL3ZzLWR1cmFjaC5kZVwvd3AtY29udGVudFwvdXBsb2Fkc1wvMjAxOVwvMTJcL0lNRy0yMDE5MTIwMy1XQTAwMDEuanBnIn0%3D\">\n\t\t\t\t\t\t\t<img fetchpriority=\"high\" decoding=\"async\" width=\"225\" height=\"300\" src=\"https:\/\/vs-durach.de\/wp-content\/uploads\/2019\/12\/IMG-20191203-WA0001-225x300.jpg\" class=\"attachment-medium size-medium wp-image-2653\" alt=\"\" srcset=\"https:\/\/vs-durach.de\/wp-content\/uploads\/2019\/12\/IMG-20191203-WA0001-225x300.jpg 225w, https:\/\/vs-durach.de\/wp-content\/uploads\/2019\/12\/IMG-20191203-WA0001.jpg 538w\" sizes=\"(max-width: 225px) 100vw, 225px\" \/>\t\t\t\t\t\t\t\t<\/a>\n\t\t\t\t\t\t\t\t\t\t\t<figcaption class=\"widget-image-caption wp-caption-text\">Oben v. l.: Frederik H\u00e4nsel (3. Sieger 4.Kl), Lina Stadelmann (1. Siegerin 3. Kl), Lilly Schneider (Schulsiegerin), Lea Greiter (2. Siegerin 4. Kl Unten v. l.: Finja Bolkart und Pia Holzer (Siegerinnen 2. Kl), Es fehlt: Marie Unterleitner (2. Siegerin 3. Kl),<\/figcaption>\n\t\t\t\t\t\t\t\t\t\t<\/figure>\n\t\t\t\t\t\t\t\t\t<\/div>\n\t\t\t\t<\/div>\n\t\t\t\t\t<\/div>\n\t\t<\/div>\n\t\t\t\t\t<\/div>\n\t\t<\/section>\n\t\t\t\t<section class=\"elementor-section elementor-top-section elementor-element elementor-element-54e9aad elementor-section-boxed elementor-section-height-default elementor-section-height-default\" data-id=\"54e9aad\" data-element_type=\"section\" data-e-type=\"section\">\n\t\t\t\t\t\t<div class=\"elementor-container elementor-column-gap-default\">\n\t\t\t\t\t<div class=\"elementor-column elementor-col-100 elementor-top-column elementor-element elementor-element-8392e6c\" data-id=\"8392e6c\" data-element_type=\"column\" data-e-type=\"column\">\n\t\t\t<div class=\"elementor-widget-wrap elementor-element-populated\">\n\t\t\t\t\t\t<div class=\"elementor-element elementor-element-3ce3a1d elementor-widget elementor-widget-text-editor\" data-id=\"3ce3a1d\" data-element_type=\"widget\" data-e-type=\"widget\" data-widget_type=\"text-editor.default\">\n\t\t\t\t<div class=\"elementor-widget-container\">\n\t\t\t\t\t\t\t\t\t<p>Wir gratulieren den Siegerinnen ganz herzlich, w\u00fcnschen Lilly viel Erfolg in der n\u00e4chsten Runde des Rotary-Vorlesewettbewerbs und hoffen, dass auch n\u00e4chstes Jahr wieder viele flei\u00dfige Leser mit am Start sind!<\/p><p>\u00a0 \u00a0 \u00a0 \u00a0 \u00a0 \u00a0 \u00a0 \u00a0 \u00a0 \u00a0 \u00a0 \u00a0 \u00a0 \u00a0 \u00a0 \u00a0 \u00a0 \u00a0 \u00a0 \u00a0 \u00a0 \u00a0 \u00a0 \u00a0 \u00a0 \u00a0 \u00a0 \u00a0 \u00a0 \u00a0 \u00a0 \u00a0 \u00a0 \u00a0 \u00a0 \u00a0 \u00a0 \u00a0 \u00a0 \u00a0 \u00a0 \u00a0 \u00a0 \u00a0 \u00a0 \u00a0 \u00a0 \u00a0 \u00a0 \u00a0 \u00a0 \u00a0 \u00a0 \u00a0 \u00a0 \u00a0 \u00a0 \u00a0 \u00a0 \u00a0 \u00a0 \u00a0 \u00a0 \u00a0 \u00a0 \u00a0 \u00a0 \u00a0 \u00a0 \u00a0 \u00a0 \u00a0 \u00a0 \u00a0 \u00a0 \u00a0 \u00a0 Kathrin Eggensperger<\/p>\t\t\t\t\t\t\t\t<\/div>\n\t\t\t\t<\/div>\n\t\t\t\t\t<\/div>\n\t\t<\/div>\n\t\t\t\t\t<\/div>\n\t\t<\/section>\n\t\t\t\t<\/div>\n\t\t","protected":false},"excerpt":{"rendered":"<p>Vor zwei Wochen fand wie jedes Jahr unser Lesewettbewerb in der Grundschule statt, an dem alle Kinder der\u00a0 \u00a0 \u00a0 2.- 4. Klassen teilnahmen. Es wurde \u00fcber die Herbstferien flei\u00dfig ge\u00fcbt und anschlie\u00dfend in den Klassen vorgelesen, so dass es nicht leicht fiel zu entscheiden, wer dieses Mal die Klasse in der Zwischenrunde vertreten sollte.&hellip;&nbsp;<a href=\"https:\/\/vs-durach.de\/index.php\/2019\/12\/05\/vorlesewettbewerb-in-der-grundschule-2\/\" rel=\"bookmark\">Weiterlesen &raquo;<span class=\"screen-reader-text\">Vorlesewettbewerb in der Grundschule<\/span><\/a><\/p>\n","protected":false},"author":8,"featured_media":2653,"comment_status":"closed","ping_status":"open","sticky":false,"template":"","format":"standard","meta":{"neve_meta_sidebar":"","neve_meta_container":"","neve_meta_enable_content_width":"","neve_meta_content_width":0,"neve_meta_title_alignment":"","neve_meta_author_avatar":"","neve_post_elements_order":"","neve_meta_disable_header":"","neve_meta_disable_footer":"","neve_meta_disable_title":"","_themeisle_gutenberg_block_has_review":false,"footnotes":""},"categories":[33],"tags":[],"class_list":["post-2652","post","type-post","status-publish","format-standard","has-post-thumbnail","hentry","category-aktuelles-2019-2020"],"_links":{"self":[{"href":"https:\/\/vs-durach.de\/index.php\/wp-json\/wp\/v2\/posts\/2652","targetHints":{"allow":["GET"]}}],"collection":[{"href":"https:\/\/vs-durach.de\/index.php\/wp-json\/wp\/v2\/posts"}],"about":[{"href":"https:\/\/vs-durach.de\/index.php\/wp-json\/wp\/v2\/types\/post"}],"author":[{"embeddable":true,"href":"https:\/\/vs-durach.de\/index.php\/wp-json\/wp\/v2\/users\/8"}],"replies":[{"embeddable":true,"href":"https:\/\/vs-durach.de\/index.php\/wp-json\/wp\/v2\/comments?post=2652"}],"version-history":[{"count":2,"href":"https:\/\/vs-durach.de\/index.php\/wp-json\/wp\/v2\/posts\/2652\/revisions"}],"predecessor-version":[{"id":2657,"href":"https:\/\/vs-durach.de\/index.php\/wp-json\/wp\/v2\/posts\/2652\/revisions\/2657"}],"wp:featuredmedia":[{"embeddable":true,"href":"https:\/\/vs-durach.de\/index.php\/wp-json\/wp\/v2\/media\/2653"}],"wp:attachment":[{"href":"https:\/\/vs-durach.de\/index.php\/wp-json\/wp\/v2\/media?parent=2652"}],"wp:term":[{"taxonomy":"category","embeddable":true,"href":"https:\/\/vs-durach.de\/index.php\/wp-json\/wp\/v2\/categories?post=2652"},{"taxonomy":"post_tag","embeddable":true,"href":"https:\/\/vs-durach.de\/index.php\/wp-json\/wp\/v2\/tags?post=2652"}],"curies":[{"name":"wp","href":"https:\/\/api.w.org\/{rel}","templated":true}]}}