{"id":2769,"date":"2020-03-17T10:07:40","date_gmt":"2020-03-17T09:07:40","guid":{"rendered":"http:\/\/vs-durach.de\/?p=2769"},"modified":"2020-03-17T10:36:54","modified_gmt":"2020-03-17T09:36:54","slug":"verbindliches-formular-fuer-die-notfallbetreuung","status":"publish","type":"post","link":"https:\/\/vs-durach.de\/index.php\/2020\/03\/17\/verbindliches-formular-fuer-die-notfallbetreuung\/","title":{"rendered":"Verbindliches Formular f\u00fcr die Notfallbetreuung"},"content":{"rendered":"\t\t<div data-elementor-type=\"wp-post\" data-elementor-id=\"2769\" class=\"elementor elementor-2769\">\n\t\t\t\t\t\t<section class=\"elementor-section elementor-top-section elementor-element elementor-element-92afbef elementor-section-boxed elementor-section-height-default elementor-section-height-default\" data-id=\"92afbef\" data-element_type=\"section\" data-e-type=\"section\">\n\t\t\t\t\t\t<div class=\"elementor-container elementor-column-gap-default\">\n\t\t\t\t\t<div class=\"elementor-column elementor-col-100 elementor-top-column elementor-element elementor-element-c34ecef\" data-id=\"c34ecef\" data-element_type=\"column\" data-e-type=\"column\">\n\t\t\t<div class=\"elementor-widget-wrap elementor-element-populated\">\n\t\t\t\t\t\t<div class=\"elementor-element elementor-element-159eca8 elementor-widget elementor-widget-text-editor\" data-id=\"159eca8\" data-element_type=\"widget\" data-e-type=\"widget\" data-widget_type=\"text-editor.default\">\n\t\t\t\t<div class=\"elementor-widget-container\">\n\t\t\t\t\t\t\t\t\t<p>Sehr geehrte Eltern,<\/p><p>mit dem Schreiben des Staatsministeriums von gestern, 16.03.20 (sehen Sie auch unter www.km.bayern.de), wurden wir als Schule beauftragt, den Eltern f\u00fcr den Fall der Inanspruchnahme der Notfallbetreuung das folgende Formular zu \u00fcbermitteln, das Sie <a href=\"https:\/\/vs-durach.de\/index.php\/download\/notfallbetreuungsformular\/\">hier<\/a> herunterladen k\u00f6nnen. Der Nachweis des Arbeitgebers \u00fcber die Zugeh\u00f6rigkeit zu einem systemrelevanten Beruf muss beigelegt werden.<\/p>\t\t\t\t\t\t\t\t<\/div>\n\t\t\t\t<\/div>\n\t\t\t\t\t<\/div>\n\t\t<\/div>\n\t\t\t\t\t<\/div>\n\t\t<\/section>\n\t\t\t\t<\/div>\n\t\t","protected":false},"excerpt":{"rendered":"<p>Sehr geehrte Eltern, mit dem Schreiben des Staatsministeriums von gestern, 16.03.20 (sehen Sie auch unter www.km.bayern.de), wurden wir als Schule beauftragt, den Eltern f\u00fcr den Fall der Inanspruchnahme der Notfallbetreuung das folgende Formular zu \u00fcbermitteln, das Sie hier herunterladen k\u00f6nnen. Der Nachweis des Arbeitgebers \u00fcber die Zugeh\u00f6rigkeit zu einem systemrelevanten Beruf muss beigelegt werden.<\/p>\n","protected":false},"author":8,"featured_media":2778,"comment_status":"closed","ping_status":"open","sticky":false,"template":"","format":"standard","meta":{"neve_meta_sidebar":"","neve_meta_container":"","neve_meta_enable_content_width":"","neve_meta_content_width":0,"neve_meta_title_alignment":"","neve_meta_author_avatar":"","neve_post_elements_order":"","neve_meta_disable_header":"","neve_meta_disable_footer":"","neve_meta_disable_title":"","_themeisle_gutenberg_block_has_review":false,"footnotes":""},"categories":[33],"tags":[],"class_list":["post-2769","post","type-post","status-publish","format-standard","has-post-thumbnail","hentry","category-aktuelles-2019-2020"],"_links":{"self":[{"href":"https:\/\/vs-durach.de\/index.php\/wp-json\/wp\/v2\/posts\/2769","targetHints":{"allow":["GET"]}}],"collection":[{"href":"https:\/\/vs-durach.de\/index.php\/wp-json\/wp\/v2\/posts"}],"about":[{"href":"https:\/\/vs-durach.de\/index.php\/wp-json\/wp\/v2\/types\/post"}],"author":[{"embeddable":true,"href":"https:\/\/vs-durach.de\/index.php\/wp-json\/wp\/v2\/users\/8"}],"replies":[{"embeddable":true,"href":"https:\/\/vs-durach.de\/index.php\/wp-json\/wp\/v2\/comments?post=2769"}],"version-history":[{"count":7,"href":"https:\/\/vs-durach.de\/index.php\/wp-json\/wp\/v2\/posts\/2769\/revisions"}],"predecessor-version":[{"id":2777,"href":"https:\/\/vs-durach.de\/index.php\/wp-json\/wp\/v2\/posts\/2769\/revisions\/2777"}],"wp:featuredmedia":[{"embeddable":true,"href":"https:\/\/vs-durach.de\/index.php\/wp-json\/wp\/v2\/media\/2778"}],"wp:attachment":[{"href":"https:\/\/vs-durach.de\/index.php\/wp-json\/wp\/v2\/media?parent=2769"}],"wp:term":[{"taxonomy":"category","embeddable":true,"href":"https:\/\/vs-durach.de\/index.php\/wp-json\/wp\/v2\/categories?post=2769"},{"taxonomy":"post_tag","embeddable":true,"href":"https:\/\/vs-durach.de\/index.php\/wp-json\/wp\/v2\/tags?post=2769"}],"curies":[{"name":"wp","href":"https:\/\/api.w.org\/{rel}","templated":true}]}}