{"id":2846,"date":"2020-05-06T09:05:25","date_gmt":"2020-05-06T07:05:25","guid":{"rendered":"http:\/\/vs-durach.de\/?p=2846"},"modified":"2020-05-06T09:45:09","modified_gmt":"2020-05-06T07:45:09","slug":"getty-museum-challenge-der-8b","status":"publish","type":"post","link":"https:\/\/vs-durach.de\/index.php\/2020\/05\/06\/getty-museum-challenge-der-8b\/","title":{"rendered":"Getty Museum Challenge der 8b"},"content":{"rendered":"\t\t<div data-elementor-type=\"wp-post\" data-elementor-id=\"2846\" class=\"elementor elementor-2846\">\n\t\t\t\t\t\t<section class=\"elementor-section elementor-top-section elementor-element elementor-element-acd12cd elementor-section-boxed elementor-section-height-default elementor-section-height-default\" data-id=\"acd12cd\" data-element_type=\"section\" data-e-type=\"section\">\n\t\t\t\t\t\t<div class=\"elementor-container elementor-column-gap-default\">\n\t\t\t\t\t<div class=\"elementor-column elementor-col-100 elementor-top-column elementor-element elementor-element-67e2859\" data-id=\"67e2859\" data-element_type=\"column\" data-e-type=\"column\">\n\t\t\t<div class=\"elementor-widget-wrap elementor-element-populated\">\n\t\t\t\t\t\t\t<\/div>\n\t\t<\/div>\n\t\t\t\t\t<\/div>\n\t\t<\/section>\n\t\t\t\t<section class=\"elementor-section elementor-top-section elementor-element elementor-element-33da44c elementor-section-boxed elementor-section-height-default elementor-section-height-default\" data-id=\"33da44c\" data-element_type=\"section\" data-e-type=\"section\">\n\t\t\t\t\t\t<div class=\"elementor-container elementor-column-gap-default\">\n\t\t\t\t\t<div class=\"elementor-column elementor-col-100 elementor-top-column elementor-element elementor-element-6232fe4\" data-id=\"6232fe4\" data-element_type=\"column\" data-e-type=\"column\">\n\t\t\t<div class=\"elementor-widget-wrap elementor-element-populated\">\n\t\t\t\t\t\t<div class=\"elementor-element elementor-element-4c3c063 elementor-widget elementor-widget-text-editor\" data-id=\"4c3c063\" data-element_type=\"widget\" data-e-type=\"widget\" data-widget_type=\"text-editor.default\">\n\t\t\t\t<div class=\"elementor-widget-container\">\n\t\t\t\t\t\t\t\t\t<p><u>Getty Museum Challenge<\/u><\/p><p>Die Corona Pandemie und die damit verbunden Ausgangbeschr\u00e4nkungen sind auch in der Schule oder zu Hause f\u00fcr alle Sch\u00fcler\/-innen und Lehrkr\u00e4fte eine gro\u00dfe Herausforderung.<\/p><p>Zwischen Homeschooling und selbst gekochtem Abendessen kann es da schnell langweilig werden.<\/p><p>Weil auch die Ausstellungsr\u00e4ume vieler Museen aktuell geschlossen bleiben, rief das J. Paul Getty Museum in Los Angeles \u00fcber Twitter zu einer besonderen Challenge auf:<\/p><p><em>Stell dein Lieblingsgem\u00e4lde mit Alltagsgegenst\u00e4nden bei dir zu Hause nach!<\/em><\/p><p>Challenge accepted!<\/p><p>Die Sch\u00fclerinnen und Sch\u00fcler der Klasse 8b haben die unterhaltsame Herausforderung angenommen.<\/p><p>Die kreativen Kunst-Cover k\u00f6nnen sich durchaus sehen lassen und entlocken ihren Betrachtern vielleicht ein L\u00e4cheln in diesen ungew\u00f6hnlichen Zeiten.<\/p><p>Kannst du das Original erkennen?<\/p><p>F\u00fcr die Aufl\u00f6sung klicke auf den jeweiligen Link neben dem Cover.<\/p>\t\t\t\t\t\t\t\t<\/div>\n\t\t\t\t<\/div>\n\t\t\t\t\t<\/div>\n\t\t<\/div>\n\t\t\t\t\t<\/div>\n\t\t<\/section>\n\t\t\t\t<section class=\"elementor-section elementor-top-section elementor-element elementor-element-4bc224d elementor-section-boxed elementor-section-height-default elementor-section-height-default\" data-id=\"4bc224d\" data-element_type=\"section\" data-e-type=\"section\">\n\t\t\t\t\t\t<div class=\"elementor-container elementor-column-gap-default\">\n\t\t\t\t\t<div class=\"elementor-column elementor-col-50 elementor-top-column elementor-element elementor-element-5ca37af\" data-id=\"5ca37af\" data-element_type=\"column\" data-e-type=\"column\">\n\t\t\t<div class=\"elementor-widget-wrap elementor-element-populated\">\n\t\t\t\t\t\t<div class=\"elementor-element elementor-element-fc21d0b elementor-widget elementor-widget-image\" data-id=\"fc21d0b\" data-element_type=\"widget\" data-e-type=\"widget\" data-widget_type=\"image.default\">\n\t\t\t\t<div class=\"elementor-widget-container\">\n\t\t\t\t\t\t\t\t\t\t\t\t\t\t\t\t<a href=\"https:\/\/vs-durach.de\/wp-content\/uploads\/2020\/05\/Alina-Gez.jpg\" data-elementor-open-lightbox=\"yes\" data-elementor-lightbox-title=\"Alina Gez\" data-e-action-hash=\"#elementor-action%3Aaction%3Dlightbox%26settings%3DeyJpZCI6Mjg0OCwidXJsIjoiaHR0cHM6XC9cL3ZzLWR1cmFjaC5kZVwvd3AtY29udGVudFwvdXBsb2Fkc1wvMjAyMFwvMDVcL0FsaW5hLUdlei5qcGcifQ%3D%3D\">\n\t\t\t\t\t\t\t<img fetchpriority=\"high\" decoding=\"async\" width=\"300\" height=\"179\" src=\"https:\/\/vs-durach.de\/wp-content\/uploads\/2020\/05\/Alina-Gez-300x179.jpg\" class=\"attachment-medium size-medium wp-image-2848\" alt=\"\" srcset=\"https:\/\/vs-durach.de\/wp-content\/uploads\/2020\/05\/Alina-Gez-300x179.jpg 300w, https:\/\/vs-durach.de\/wp-content\/uploads\/2020\/05\/Alina-Gez-768x458.jpg 768w, https:\/\/vs-durach.de\/wp-content\/uploads\/2020\/05\/Alina-Gez.jpg 1024w\" sizes=\"(max-width: 300px) 100vw, 300px\" \/>\t\t\t\t\t\t\t\t<\/a>\n\t\t\t\t\t\t\t\t\t\t\t\t\t\t\t<\/div>\n\t\t\t\t<\/div>\n\t\t\t\t\t<\/div>\n\t\t<\/div>\n\t\t\t\t<div class=\"elementor-column elementor-col-50 elementor-top-column elementor-element elementor-element-3a4dc25\" data-id=\"3a4dc25\" data-element_type=\"column\" data-e-type=\"column\">\n\t\t\t<div class=\"elementor-widget-wrap elementor-element-populated\">\n\t\t\t\t\t\t<div class=\"elementor-element elementor-element-8aff56c elementor-widget elementor-widget-text-editor\" data-id=\"8aff56c\" data-element_type=\"widget\" data-e-type=\"widget\" data-widget_type=\"text-editor.default\">\n\t\t\t\t<div class=\"elementor-widget-container\">\n\t\t\t\t\t\t\t\t\t<p><em>\u201eDas letzte Abendmahl\u201c von Alina Gez<\/em><\/p><p>Link zum Original:<\/p><p><a href=\"https:\/\/en.wikipedia.org\/wiki\/The_Sacrament_of_the_Last_Supper#\/media\/File:Dali_-_The_Sacrament_of_the_Last_Supper_-_lowres.jpg\">https:\/\/en.wikipedia.org\/wiki\/The_Sacrament_of_the_Last_Supper &#8211; \/media\/File:Dali_-_The_Sacrament_of_the_Last_Supper_-_lowres.jpg<\/a><\/p>\t\t\t\t\t\t\t\t<\/div>\n\t\t\t\t<\/div>\n\t\t\t\t\t<\/div>\n\t\t<\/div>\n\t\t\t\t\t<\/div>\n\t\t<\/section>\n\t\t\t\t<section class=\"elementor-section elementor-top-section elementor-element elementor-element-e102eaa elementor-section-boxed elementor-section-height-default elementor-section-height-default\" data-id=\"e102eaa\" data-element_type=\"section\" data-e-type=\"section\">\n\t\t\t\t\t\t<div class=\"elementor-container elementor-column-gap-default\">\n\t\t\t\t\t<div class=\"elementor-column elementor-col-50 elementor-top-column elementor-element elementor-element-ca1aef4\" data-id=\"ca1aef4\" data-element_type=\"column\" data-e-type=\"column\">\n\t\t\t<div class=\"elementor-widget-wrap elementor-element-populated\">\n\t\t\t\t\t\t<div class=\"elementor-element elementor-element-ba77ebd elementor-widget elementor-widget-image\" data-id=\"ba77ebd\" data-element_type=\"widget\" data-e-type=\"widget\" data-widget_type=\"image.default\">\n\t\t\t\t<div class=\"elementor-widget-container\">\n\t\t\t\t\t\t\t\t\t\t\t\t\t\t\t\t<a href=\"https:\/\/vs-durach.de\/wp-content\/uploads\/2020\/05\/Bennet-St\u00f6hr.jpg\" data-elementor-open-lightbox=\"yes\" data-elementor-lightbox-title=\"Bennet St\u00f6hr\" data-e-action-hash=\"#elementor-action%3Aaction%3Dlightbox%26settings%3DeyJpZCI6Mjg0OSwidXJsIjoiaHR0cHM6XC9cL3ZzLWR1cmFjaC5kZVwvd3AtY29udGVudFwvdXBsb2Fkc1wvMjAyMFwvMDVcL0Jlbm5ldC1TdFx1MDBmNmhyLmpwZyJ9\">\n\t\t\t\t\t\t\t<img decoding=\"async\" width=\"300\" height=\"168\" src=\"https:\/\/vs-durach.de\/wp-content\/uploads\/2020\/05\/Bennet-St\u00f6hr-300x168.jpg\" class=\"attachment-medium size-medium wp-image-2849\" alt=\"\" srcset=\"https:\/\/vs-durach.de\/wp-content\/uploads\/2020\/05\/Bennet-St\u00f6hr-300x168.jpg 300w, https:\/\/vs-durach.de\/wp-content\/uploads\/2020\/05\/Bennet-St\u00f6hr-1024x574.jpg 1024w, https:\/\/vs-durach.de\/wp-content\/uploads\/2020\/05\/Bennet-St\u00f6hr-768x431.jpg 768w, https:\/\/vs-durach.de\/wp-content\/uploads\/2020\/05\/Bennet-St\u00f6hr-1536x861.jpg 1536w, https:\/\/vs-durach.de\/wp-content\/uploads\/2020\/05\/Bennet-St\u00f6hr.jpg 1600w\" sizes=\"(max-width: 300px) 100vw, 300px\" \/>\t\t\t\t\t\t\t\t<\/a>\n\t\t\t\t\t\t\t\t\t\t\t\t\t\t\t<\/div>\n\t\t\t\t<\/div>\n\t\t\t\t\t<\/div>\n\t\t<\/div>\n\t\t\t\t<div class=\"elementor-column elementor-col-50 elementor-top-column elementor-element elementor-element-9b67a36\" data-id=\"9b67a36\" data-element_type=\"column\" data-e-type=\"column\">\n\t\t\t<div class=\"elementor-widget-wrap elementor-element-populated\">\n\t\t\t\t\t\t<div class=\"elementor-element elementor-element-dfe39fa elementor-widget elementor-widget-text-editor\" data-id=\"dfe39fa\" data-element_type=\"widget\" data-e-type=\"widget\" data-widget_type=\"text-editor.default\">\n\t\t\t\t<div class=\"elementor-widget-container\">\n\t\t\t\t\t\t\t\t\t<p><em>Ausschnitt \u201eSixtinische Madonna\u201c von Bennet St\u00f6hr<\/em><\/p><p>Link zum Original:<\/p><p><span style=\"font-family: 'Calibri',sans-serif; color: black;\"><a href=\"https:\/\/de.wikipedia.org\/wiki\/Sixtinische_Madonna#\/media\/Datei:RAFAEL_-_Madonna_Sixtina_(Gem%C3%A4ldegalerie_Alter_Meister,_Dresden,_1513-14._%C3%93leo_sobre_lienzo,_265_x_196_cm).jpg\">https:\/\/de.wikipedia.org\/wiki\/Sixtinische_Madonna &#8211; \/media\/Datei:RAFAEL_-_Madonna_Sixtina_(Gem\u00e4ldegalerie_Alter_Meister,_Dresden,_1513-14._\u00d3leo_sobre_lienzo,_265_x_196_cm).jpg<\/a><\/span><\/p>\t\t\t\t\t\t\t\t<\/div>\n\t\t\t\t<\/div>\n\t\t\t\t\t<\/div>\n\t\t<\/div>\n\t\t\t\t\t<\/div>\n\t\t<\/section>\n\t\t\t\t<section class=\"elementor-section elementor-top-section elementor-element elementor-element-51d163b elementor-section-boxed elementor-section-height-default elementor-section-height-default\" data-id=\"51d163b\" data-element_type=\"section\" data-e-type=\"section\">\n\t\t\t\t\t\t<div class=\"elementor-container elementor-column-gap-default\">\n\t\t\t\t\t<div class=\"elementor-column elementor-col-50 elementor-top-column elementor-element elementor-element-8b2a47d\" data-id=\"8b2a47d\" data-element_type=\"column\" data-e-type=\"column\">\n\t\t\t<div class=\"elementor-widget-wrap elementor-element-populated\">\n\t\t\t\t\t\t<div class=\"elementor-element elementor-element-2473ef6 elementor-widget elementor-widget-image\" data-id=\"2473ef6\" data-element_type=\"widget\" data-e-type=\"widget\" data-widget_type=\"image.default\">\n\t\t\t\t<div class=\"elementor-widget-container\">\n\t\t\t\t\t\t\t\t\t\t\t\t\t\t\t\t<a href=\"https:\/\/vs-durach.de\/wp-content\/uploads\/2020\/05\/Isabel-Gauglitz-scaled.jpg\" data-elementor-open-lightbox=\"yes\" data-elementor-lightbox-title=\"Isabel Gauglitz\" data-e-action-hash=\"#elementor-action%3Aaction%3Dlightbox%26settings%3DeyJpZCI6Mjg1MCwidXJsIjoiaHR0cHM6XC9cL3ZzLWR1cmFjaC5kZVwvd3AtY29udGVudFwvdXBsb2Fkc1wvMjAyMFwvMDVcL0lzYWJlbC1HYXVnbGl0ei1zY2FsZWQuanBnIn0%3D\">\n\t\t\t\t\t\t\t<img decoding=\"async\" width=\"225\" height=\"300\" src=\"https:\/\/vs-durach.de\/wp-content\/uploads\/2020\/05\/Isabel-Gauglitz-225x300.jpg\" class=\"attachment-medium size-medium wp-image-2850\" alt=\"\" srcset=\"https:\/\/vs-durach.de\/wp-content\/uploads\/2020\/05\/Isabel-Gauglitz-225x300.jpg 225w, https:\/\/vs-durach.de\/wp-content\/uploads\/2020\/05\/Isabel-Gauglitz-768x1024.jpg 768w, https:\/\/vs-durach.de\/wp-content\/uploads\/2020\/05\/Isabel-Gauglitz-1152x1536.jpg 1152w, https:\/\/vs-durach.de\/wp-content\/uploads\/2020\/05\/Isabel-Gauglitz-1536x2048.jpg 1536w, https:\/\/vs-durach.de\/wp-content\/uploads\/2020\/05\/Isabel-Gauglitz-scaled.jpg 1920w\" sizes=\"(max-width: 225px) 100vw, 225px\" \/>\t\t\t\t\t\t\t\t<\/a>\n\t\t\t\t\t\t\t\t\t\t\t\t\t\t\t<\/div>\n\t\t\t\t<\/div>\n\t\t\t\t\t<\/div>\n\t\t<\/div>\n\t\t\t\t<div class=\"elementor-column elementor-col-50 elementor-top-column elementor-element elementor-element-1d3a2f8\" data-id=\"1d3a2f8\" data-element_type=\"column\" data-e-type=\"column\">\n\t\t\t<div class=\"elementor-widget-wrap elementor-element-populated\">\n\t\t\t\t\t\t<div class=\"elementor-element elementor-element-6e17247 elementor-widget elementor-widget-text-editor\" data-id=\"6e17247\" data-element_type=\"widget\" data-e-type=\"widget\" data-widget_type=\"text-editor.default\">\n\t\t\t\t<div class=\"elementor-widget-container\">\n\t\t\t\t\t\t\t\t\t<p><em>\u201eSelbstportrait mit verbundenem Ohr\u201c von Isabel Gauglitz<\/em><\/p><p>Link zum Original:<\/p><p><a href=\"https:\/\/commons.wikimedia.org\/wiki\/File:Self-Portrait_with_a_Bandaged_Ear_-_Vincent_van_Gogh.jpg\">https:\/\/commons.wikimedia.org\/wiki\/File:Self-Portrait_with_a_Bandaged_Ear_-_Vincent_van_Gogh.jpg<\/a><\/p>\t\t\t\t\t\t\t\t<\/div>\n\t\t\t\t<\/div>\n\t\t\t\t\t<\/div>\n\t\t<\/div>\n\t\t\t\t\t<\/div>\n\t\t<\/section>\n\t\t\t\t<section class=\"elementor-section elementor-top-section elementor-element elementor-element-50d5a9c elementor-section-boxed elementor-section-height-default elementor-section-height-default\" data-id=\"50d5a9c\" data-element_type=\"section\" data-e-type=\"section\">\n\t\t\t\t\t\t<div class=\"elementor-container elementor-column-gap-default\">\n\t\t\t\t\t<div class=\"elementor-column elementor-col-50 elementor-top-column elementor-element elementor-element-f11eca2\" data-id=\"f11eca2\" data-element_type=\"column\" data-e-type=\"column\">\n\t\t\t<div class=\"elementor-widget-wrap elementor-element-populated\">\n\t\t\t\t\t\t<div class=\"elementor-element elementor-element-8d4b53f elementor-widget elementor-widget-image\" data-id=\"8d4b53f\" data-element_type=\"widget\" data-e-type=\"widget\" data-widget_type=\"image.default\">\n\t\t\t\t<div class=\"elementor-widget-container\">\n\t\t\t\t\t\t\t\t\t\t\t\t\t\t\t\t<a href=\"https:\/\/vs-durach.de\/wp-content\/uploads\/2020\/05\/Kilian-Voit.jpg\" data-elementor-open-lightbox=\"yes\" data-elementor-lightbox-title=\"Kilian Voit\" data-e-action-hash=\"#elementor-action%3Aaction%3Dlightbox%26settings%3DeyJpZCI6Mjg1MSwidXJsIjoiaHR0cHM6XC9cL3ZzLWR1cmFjaC5kZVwvd3AtY29udGVudFwvdXBsb2Fkc1wvMjAyMFwvMDVcL0tpbGlhbi1Wb2l0LmpwZyJ9\">\n\t\t\t\t\t\t\t<img loading=\"lazy\" decoding=\"async\" width=\"212\" height=\"300\" src=\"https:\/\/vs-durach.de\/wp-content\/uploads\/2020\/05\/Kilian-Voit-212x300.jpg\" class=\"attachment-medium size-medium wp-image-2851\" alt=\"\" srcset=\"https:\/\/vs-durach.de\/wp-content\/uploads\/2020\/05\/Kilian-Voit-212x300.jpg 212w, https:\/\/vs-durach.de\/wp-content\/uploads\/2020\/05\/Kilian-Voit-724x1024.jpg 724w, https:\/\/vs-durach.de\/wp-content\/uploads\/2020\/05\/Kilian-Voit-768x1086.jpg 768w, https:\/\/vs-durach.de\/wp-content\/uploads\/2020\/05\/Kilian-Voit-1086x1536.jpg 1086w, https:\/\/vs-durach.de\/wp-content\/uploads\/2020\/05\/Kilian-Voit.jpg 1131w\" sizes=\"(max-width: 212px) 100vw, 212px\" \/>\t\t\t\t\t\t\t\t<\/a>\n\t\t\t\t\t\t\t\t\t\t\t\t\t\t\t<\/div>\n\t\t\t\t<\/div>\n\t\t\t\t\t<\/div>\n\t\t<\/div>\n\t\t\t\t<div class=\"elementor-column elementor-col-50 elementor-top-column elementor-element elementor-element-835fc04\" data-id=\"835fc04\" data-element_type=\"column\" data-e-type=\"column\">\n\t\t\t<div class=\"elementor-widget-wrap elementor-element-populated\">\n\t\t\t\t\t\t<div class=\"elementor-element elementor-element-60fc47a elementor-widget elementor-widget-text-editor\" data-id=\"60fc47a\" data-element_type=\"widget\" data-e-type=\"widget\" data-widget_type=\"text-editor.default\">\n\t\t\t\t<div class=\"elementor-widget-container\">\n\t\t\t\t\t\t\t\t\t<p><em>\u201eDie Lesende\u201c von Kilian Voith<\/em><\/p><p>Link zum Original:<\/p><p><a href=\"https:\/\/upload.wikimedia.org\/wikipedia\/commons\/b\/bc\/Jean-Honor%C3%A9_Fragonard_018.jpg\">https:\/\/upload.wikimedia.org\/wikipedia\/commons\/b\/bc\/Jean-Honor\u00e9_Fragonard_018.jpg<\/a><\/p>\t\t\t\t\t\t\t\t<\/div>\n\t\t\t\t<\/div>\n\t\t\t\t\t<\/div>\n\t\t<\/div>\n\t\t\t\t\t<\/div>\n\t\t<\/section>\n\t\t\t\t<\/div>\n\t\t","protected":false},"excerpt":{"rendered":"<p>Getty Museum Challenge Die Corona Pandemie und die damit verbunden Ausgangbeschr\u00e4nkungen sind auch in der Schule oder zu Hause f\u00fcr alle Sch\u00fcler\/-innen und Lehrkr\u00e4fte eine gro\u00dfe Herausforderung. Zwischen Homeschooling und selbst gekochtem Abendessen kann es da schnell langweilig werden. Weil auch die Ausstellungsr\u00e4ume vieler Museen aktuell geschlossen bleiben, rief das J. Paul Getty Museum in&hellip;&nbsp;<a href=\"https:\/\/vs-durach.de\/index.php\/2020\/05\/06\/getty-museum-challenge-der-8b\/\" rel=\"bookmark\">Weiterlesen &raquo;<span class=\"screen-reader-text\">Getty Museum Challenge der 8b<\/span><\/a><\/p>\n","protected":false},"author":8,"featured_media":2849,"comment_status":"closed","ping_status":"open","sticky":false,"template":"","format":"standard","meta":{"neve_meta_sidebar":"","neve_meta_container":"","neve_meta_enable_content_width":"","neve_meta_content_width":0,"neve_meta_title_alignment":"","neve_meta_author_avatar":"","neve_post_elements_order":"","neve_meta_disable_header":"","neve_meta_disable_footer":"","neve_meta_disable_title":"","_themeisle_gutenberg_block_has_review":false,"footnotes":""},"categories":[33],"tags":[],"class_list":["post-2846","post","type-post","status-publish","format-standard","has-post-thumbnail","hentry","category-aktuelles-2019-2020"],"_links":{"self":[{"href":"https:\/\/vs-durach.de\/index.php\/wp-json\/wp\/v2\/posts\/2846","targetHints":{"allow":["GET"]}}],"collection":[{"href":"https:\/\/vs-durach.de\/index.php\/wp-json\/wp\/v2\/posts"}],"about":[{"href":"https:\/\/vs-durach.de\/index.php\/wp-json\/wp\/v2\/types\/post"}],"author":[{"embeddable":true,"href":"https:\/\/vs-durach.de\/index.php\/wp-json\/wp\/v2\/users\/8"}],"replies":[{"embeddable":true,"href":"https:\/\/vs-durach.de\/index.php\/wp-json\/wp\/v2\/comments?post=2846"}],"version-history":[{"count":6,"href":"https:\/\/vs-durach.de\/index.php\/wp-json\/wp\/v2\/posts\/2846\/revisions"}],"predecessor-version":[{"id":2856,"href":"https:\/\/vs-durach.de\/index.php\/wp-json\/wp\/v2\/posts\/2846\/revisions\/2856"}],"wp:featuredmedia":[{"embeddable":true,"href":"https:\/\/vs-durach.de\/index.php\/wp-json\/wp\/v2\/media\/2849"}],"wp:attachment":[{"href":"https:\/\/vs-durach.de\/index.php\/wp-json\/wp\/v2\/media?parent=2846"}],"wp:term":[{"taxonomy":"category","embeddable":true,"href":"https:\/\/vs-durach.de\/index.php\/wp-json\/wp\/v2\/categories?post=2846"},{"taxonomy":"post_tag","embeddable":true,"href":"https:\/\/vs-durach.de\/index.php\/wp-json\/wp\/v2\/tags?post=2846"}],"curies":[{"name":"wp","href":"https:\/\/api.w.org\/{rel}","templated":true}]}}