{"id":2894,"date":"2020-06-15T10:18:40","date_gmt":"2020-06-15T08:18:40","guid":{"rendered":"http:\/\/vs-durach.de\/?p=2894"},"modified":"2020-06-15T10:25:14","modified_gmt":"2020-06-15T08:25:14","slug":"herzlich-willkommen","status":"publish","type":"post","link":"https:\/\/vs-durach.de\/index.php\/2020\/06\/15\/herzlich-willkommen\/","title":{"rendered":"Herzlich Willkommen!"},"content":{"rendered":"\t\t<div data-elementor-type=\"wp-post\" data-elementor-id=\"2894\" class=\"elementor elementor-2894\">\n\t\t\t\t\t\t<section class=\"elementor-section elementor-top-section elementor-element elementor-element-f8993dd elementor-section-boxed elementor-section-height-default elementor-section-height-default\" data-id=\"f8993dd\" data-element_type=\"section\" data-e-type=\"section\">\n\t\t\t\t\t\t<div class=\"elementor-container elementor-column-gap-default\">\n\t\t\t\t\t<div class=\"elementor-column elementor-col-100 elementor-top-column elementor-element elementor-element-ebc23c5\" data-id=\"ebc23c5\" data-element_type=\"column\" data-e-type=\"column\">\n\t\t\t<div class=\"elementor-widget-wrap elementor-element-populated\">\n\t\t\t\t\t\t<div class=\"elementor-element elementor-element-3eaa745 elementor-widget elementor-widget-text-editor\" data-id=\"3eaa745\" data-element_type=\"widget\" data-e-type=\"widget\" data-widget_type=\"text-editor.default\">\n\t\t\t\t<div class=\"elementor-widget-container\">\n\t\t\t\t\t\t\t\t\t<p>Endlich ist es soweit und wir d\u00fcrfen wieder alle Jahrgangsstufen seit Mitte M\u00e4rz bei uns im Hause willkommen hei\u00dfen! Leider sind zwar nur die H\u00e4lfte der Sch\u00fcler\/innen anwesend, da ja fast alle Klassen in Gruppe A und B geteilt wurden, aber immerhin kehrt somit ein klein wenig Normalit\u00e4t in den Schulalltag zur\u00fcck.\u00a0<\/p><p>Wir w\u00fcnschen euch allen einen tollen Start!<\/p><p>Die Schulleitung<\/p>\t\t\t\t\t\t\t\t<\/div>\n\t\t\t\t<\/div>\n\t\t\t\t\t<\/div>\n\t\t<\/div>\n\t\t\t\t\t<\/div>\n\t\t<\/section>\n\t\t\t\t<section class=\"elementor-section elementor-top-section elementor-element elementor-element-fddc045 elementor-section-boxed elementor-section-height-default elementor-section-height-default\" data-id=\"fddc045\" data-element_type=\"section\" data-e-type=\"section\">\n\t\t\t\t\t\t<div class=\"elementor-container elementor-column-gap-default\">\n\t\t\t\t\t<div class=\"elementor-column elementor-col-100 elementor-top-column elementor-element elementor-element-cde2681\" data-id=\"cde2681\" data-element_type=\"column\" data-e-type=\"column\">\n\t\t\t<div class=\"elementor-widget-wrap elementor-element-populated\">\n\t\t\t\t\t\t<div class=\"elementor-element elementor-element-3fba3e1 elementor-widget elementor-widget-image\" data-id=\"3fba3e1\" data-element_type=\"widget\" data-e-type=\"widget\" data-widget_type=\"image.default\">\n\t\t\t\t<div class=\"elementor-widget-container\">\n\t\t\t\t\t\t\t\t\t\t\t\t<figure class=\"wp-caption\">\n\t\t\t\t\t\t\t\t\t\t\t<a href=\"https:\/\/vs-durach.de\/wp-content\/uploads\/2020\/06\/20200615_101302-scaled.jpg\" data-elementor-open-lightbox=\"yes\" data-elementor-lightbox-title=\"20200615_101302\" data-e-action-hash=\"#elementor-action%3Aaction%3Dlightbox%26settings%3DeyJpZCI6Mjg5NSwidXJsIjoiaHR0cHM6XC9cL3ZzLWR1cmFjaC5kZVwvd3AtY29udGVudFwvdXBsb2Fkc1wvMjAyMFwvMDZcLzIwMjAwNjE1XzEwMTMwMi1zY2FsZWQuanBnIn0%3D\">\n\t\t\t\t\t\t\t<img fetchpriority=\"high\" decoding=\"async\" width=\"300\" height=\"225\" src=\"https:\/\/vs-durach.de\/wp-content\/uploads\/2020\/06\/20200615_101302-300x225.jpg\" class=\"attachment-medium size-medium wp-image-2895\" alt=\"\" srcset=\"https:\/\/vs-durach.de\/wp-content\/uploads\/2020\/06\/20200615_101302-300x225.jpg 300w, https:\/\/vs-durach.de\/wp-content\/uploads\/2020\/06\/20200615_101302-1024x768.jpg 1024w, https:\/\/vs-durach.de\/wp-content\/uploads\/2020\/06\/20200615_101302-768x576.jpg 768w, https:\/\/vs-durach.de\/wp-content\/uploads\/2020\/06\/20200615_101302-1536x1152.jpg 1536w, https:\/\/vs-durach.de\/wp-content\/uploads\/2020\/06\/20200615_101302-2048x1536.jpg 2048w, https:\/\/vs-durach.de\/wp-content\/uploads\/2020\/06\/20200615_101302-285x214.jpg 285w\" sizes=\"(max-width: 300px) 100vw, 300px\" \/>\t\t\t\t\t\t\t\t<\/a>\n\t\t\t\t\t\t\t\t\t\t\t<figcaption class=\"widget-image-caption wp-caption-text\">Die Klasse 1b mit Klassenlehrerin Frau Haibel-Wallrath gestaltete dieses Willkommensplakat, das in der Aula h\u00e4ngt.<\/figcaption>\n\t\t\t\t\t\t\t\t\t\t<\/figure>\n\t\t\t\t\t\t\t\t\t<\/div>\n\t\t\t\t<\/div>\n\t\t\t\t\t<\/div>\n\t\t<\/div>\n\t\t\t\t\t<\/div>\n\t\t<\/section>\n\t\t\t\t<\/div>\n\t\t","protected":false},"excerpt":{"rendered":"<p>Endlich ist es soweit und wir d\u00fcrfen wieder alle Jahrgangsstufen seit Mitte M\u00e4rz bei uns im Hause willkommen hei\u00dfen! Leider sind zwar nur die H\u00e4lfte der Sch\u00fcler\/innen anwesend, da ja fast alle Klassen in Gruppe A und B geteilt wurden, aber immerhin kehrt somit ein klein wenig Normalit\u00e4t in den Schulalltag zur\u00fcck.&nbsp; Wir w\u00fcnschen euch&hellip;&nbsp;<a href=\"https:\/\/vs-durach.de\/index.php\/2020\/06\/15\/herzlich-willkommen\/\" rel=\"bookmark\">Weiterlesen &raquo;<span class=\"screen-reader-text\">Herzlich Willkommen!<\/span><\/a><\/p>\n","protected":false},"author":8,"featured_media":2895,"comment_status":"closed","ping_status":"open","sticky":false,"template":"","format":"standard","meta":{"neve_meta_sidebar":"","neve_meta_container":"","neve_meta_enable_content_width":"","neve_meta_content_width":0,"neve_meta_title_alignment":"","neve_meta_author_avatar":"","neve_post_elements_order":"","neve_meta_disable_header":"","neve_meta_disable_footer":"","neve_meta_disable_title":"","_themeisle_gutenberg_block_has_review":false,"footnotes":""},"categories":[33],"tags":[],"class_list":["post-2894","post","type-post","status-publish","format-standard","has-post-thumbnail","hentry","category-aktuelles-2019-2020"],"_links":{"self":[{"href":"https:\/\/vs-durach.de\/index.php\/wp-json\/wp\/v2\/posts\/2894","targetHints":{"allow":["GET"]}}],"collection":[{"href":"https:\/\/vs-durach.de\/index.php\/wp-json\/wp\/v2\/posts"}],"about":[{"href":"https:\/\/vs-durach.de\/index.php\/wp-json\/wp\/v2\/types\/post"}],"author":[{"embeddable":true,"href":"https:\/\/vs-durach.de\/index.php\/wp-json\/wp\/v2\/users\/8"}],"replies":[{"embeddable":true,"href":"https:\/\/vs-durach.de\/index.php\/wp-json\/wp\/v2\/comments?post=2894"}],"version-history":[{"count":3,"href":"https:\/\/vs-durach.de\/index.php\/wp-json\/wp\/v2\/posts\/2894\/revisions"}],"predecessor-version":[{"id":2898,"href":"https:\/\/vs-durach.de\/index.php\/wp-json\/wp\/v2\/posts\/2894\/revisions\/2898"}],"wp:featuredmedia":[{"embeddable":true,"href":"https:\/\/vs-durach.de\/index.php\/wp-json\/wp\/v2\/media\/2895"}],"wp:attachment":[{"href":"https:\/\/vs-durach.de\/index.php\/wp-json\/wp\/v2\/media?parent=2894"}],"wp:term":[{"taxonomy":"category","embeddable":true,"href":"https:\/\/vs-durach.de\/index.php\/wp-json\/wp\/v2\/categories?post=2894"},{"taxonomy":"post_tag","embeddable":true,"href":"https:\/\/vs-durach.de\/index.php\/wp-json\/wp\/v2\/tags?post=2894"}],"curies":[{"name":"wp","href":"https:\/\/api.w.org\/{rel}","templated":true}]}}