{"id":2923,"date":"2020-09-03T10:25:15","date_gmt":"2020-09-03T08:25:15","guid":{"rendered":"http:\/\/vs-durach.de\/?p=2923"},"modified":"2020-09-04T08:05:25","modified_gmt":"2020-09-04T06:05:25","slug":"informationen-zum-schulstart","status":"publish","type":"post","link":"https:\/\/vs-durach.de\/index.php\/2020\/09\/03\/informationen-zum-schulstart\/","title":{"rendered":"Informationen zum Schulstart"},"content":{"rendered":"\t\t<div data-elementor-type=\"wp-post\" data-elementor-id=\"2923\" class=\"elementor elementor-2923\">\n\t\t\t\t\t\t<section class=\"elementor-section elementor-top-section elementor-element elementor-element-a1fb586 elementor-section-boxed elementor-section-height-default elementor-section-height-default\" data-id=\"a1fb586\" data-element_type=\"section\" data-e-type=\"section\">\n\t\t\t\t\t\t<div class=\"elementor-container elementor-column-gap-default\">\n\t\t\t\t\t<div class=\"elementor-column elementor-col-100 elementor-top-column elementor-element elementor-element-2a33515\" data-id=\"2a33515\" data-element_type=\"column\" data-e-type=\"column\">\n\t\t\t<div class=\"elementor-widget-wrap elementor-element-populated\">\n\t\t\t\t\t\t<div class=\"elementor-element elementor-element-4e91358 elementor-widget elementor-widget-text-editor\" data-id=\"4e91358\" data-element_type=\"widget\" data-e-type=\"widget\" data-widget_type=\"text-editor.default\">\n\t\t\t\t<div class=\"elementor-widget-container\">\n\t\t\t\t\t\t\t\t\t<p><strong style=\"font-size: 1.6rem;\">Sehr geehrte Eltern,<\/strong><\/p><p><strong>liebe Sch\u00fclerinnen und Sch\u00fcler,<\/strong><\/p><p>\u00a0<\/p><p>am 8. September beginnt in Bayern wieder der Unterricht an allen Schulen. Wir in Durach starten im \u201eNormalbetrieb\u201c, das hei\u00dft, alle Sch\u00fcler beginnen mit stundenplanm\u00e4\u00dfigem Pr\u00e4senzunterricht.<\/p><p>Da die Informationen in diesen Tagen sehr kurzfristig bei uns eingehen, m\u00f6chte ich Ihnen ausdr\u00fccklich die Homepage des Bayerischen Kultusministeriums empfehlen. Dort finden Sie unter \u201eBayerisches Kultusministerium \u2013 FAQ zum Unterrichtsbetrieb an Bayerns Schulen\u201c die wichtigsten Fragen zum Schulanfang ausf\u00fchrlich und st\u00e4ndig aktualisiert beantwortet.<\/p><p>Die Schule Durach freut sich auf den Schulstart und wird versuchen den diesj\u00e4hrigen Schulanfang unter Einhaltung der Corona-Hygienevorschriften, so normal wie m\u00f6glich zu beginnen.<\/p><p>\u00a0<\/p><p><strong>Folgende Punkte kann ich Ihnen, Stand 02.09.2020, mitteilen.<\/strong><\/p><p>\u00a0<\/p><ol><li><strong>Schulweg\/Sch\u00fclerbef\u00f6rderung<\/strong><\/li><\/ol><p>Um die Enge in den Bussen und damit die Infektionsgefahr auf dem Weg zur Schule einzuschr\u00e4nken, werden auf allen Schulbuslinien die Anzahl der Schulbusse bis auf weiteres verdoppelt. Jede Linie wird von zwei Bussen befahren, die die Haltestellen abwechselnd anfahren. An der Schule steigen immer nur die Sch\u00fcler aus einem Bus aus und begeben sich unverz\u00fcglich ins Schulgeb\u00e4ude, dann folgen die Sch\u00fcler des n\u00e4chsten Busses. In den Bussen besteht Maskenpflicht.<\/p><p>F\u00fcr die R\u00fcckfahrt stehen die Busse an einer vorher festgelegten Stelle, zu der sich die entsprechenden Sch\u00fcler nach Unterrichtsende auch wieder auf dem k\u00fcrzesten Weg begeben. In den ersten zwei Tagen wird das nicht ganz einfach sein, da alle Sch\u00fcler gleichzeitig Schulschluss haben, in den folgenden Tagen wird sich das schnell einspielen und jeder Sch\u00fcler wird ohne gro\u00dfes Menschengemenge seinen Bus besteigen k\u00f6nnen.<\/p><p>\u00a0<\/p><ol start=\"2\"><li><strong>Unterrichtsbeginn<\/strong><\/li><\/ol><p>Das Schulgeb\u00e4ude wird um 7:30 Uhr ge\u00f6ffnet. Die Lehrkr\u00e4fte befinden sich ab 7:30 Uhr in den Unterrichtsr\u00e4umen, die von den Sch\u00fclern z\u00fcgig und auf dem k\u00fcrzesten Weg aufgesucht werden.<\/p><p>\u00a0<\/p><ol start=\"3\"><li><strong>Maskenpflicht<\/strong><\/li><\/ol><p>Auf dem gesamten Schulgel\u00e4nde gilt Maskenpflicht! F\u00fcr die Masken sorgt jeder selbst. F\u00fcr die ersten zwei Wochen (neun Schultage!) gilt diese Maskenpflicht f\u00fcr die Jahrgangsstufen 5 \u2013 10 auch im Unterricht. In den Klassen 1 &#8211; 4 d\u00fcrfen die Kinder im Unterricht die Masken abnehmen. Nach den zwei Wochen (neun Schultagen) wird \u2013 vorausgesetzt die Infektionszahlen steigen nicht deutlich an \u2013 die Maskenplicht im Unterricht auch f\u00fcr die Jahrgangsstufen 5 \u2013 10 aufgehoben.<\/p><p>\u00a0<\/p><ol start=\"4\"><li><strong>Pausenverkauf\/Mittagessen<\/strong><\/li><\/ol><p>Da wir zur Normalit\u00e4t zur\u00fcckkehren wollen, werden wir ab dem ersten Schultag den Pausenverkauf eingeschr\u00e4nkt anbieten. Deshalb ist es weiterhin sinnvoll, wenn die Kinder \u2013 wie vor den Sommerferien &#8211; ihre Brotzeit von Zuhause mitbringen. Der Wasserspender ist noch au\u00dfer Betrieb!<\/p><p>Mittagessen wird es ab der zweiten Schulwoche im Bistro (Bestellung \u00fcber Kitafino) geben.<\/p><p>\u00a0<\/p><ol start=\"5\"><li><strong>Unterrichtszeiten\/Offene Ganztagesschule<\/strong><\/li><\/ol><p>In der 1. Woche endet der Unterricht:<\/p><ul><li>Dienstag und Mittwoch um 11:20 Uhr<\/li><li>ab Donnerstag findet stundenplanm\u00e4\u00dfiger Unterricht ohne Nachmittag statt.<\/li><\/ul><p>In der 2. Schulwoche findet stundenplanm\u00e4\u00dfiger Unterricht mit Nachmittagsunterricht statt.<\/p><p>Die Offene Ganztagesschule startet ab dem 1. Schultag, die Busse fahren entsprechend.<\/p><p>\u00a0<\/p><ol start=\"6\"><li><strong>Betreten des Schulhauses von anderen Besuchern<\/strong><\/li><\/ol><p>Wir bitten um Verst\u00e4ndnis, dass das Schulhaus weiterhin f\u00fcr Eltern und sonstige Besucher nur nach Anmeldung \u00fcber das Sekretariat betreten werden darf.<\/p><p>\u00a0<\/p><p>Ich w\u00fcnsche allen einen guten Schulstart!<\/p><p>\u00a0<\/p><p>Mit freundlichen Gr\u00fc\u00dfen<\/p><p>\u00a0<\/p><p>gez. Richard Wucherer<\/p><p>Rektor der Grund- und Mittelschulen Durach<\/p><p>\u00a0<\/p>\t\t\t\t\t\t\t\t<\/div>\n\t\t\t\t<\/div>\n\t\t\t\t\t<\/div>\n\t\t<\/div>\n\t\t\t\t\t<\/div>\n\t\t<\/section>\n\t\t\t\t<\/div>\n\t\t","protected":false},"excerpt":{"rendered":"<p>Sehr geehrte Eltern, liebe Sch\u00fclerinnen und Sch\u00fcler, am 8. September beginnt in Bayern wieder der Unterricht an allen Schulen. Wir in Durach starten im \u201eNormalbetrieb\u201c, das hei\u00dft, alle Sch\u00fcler beginnen mit stundenplanm\u00e4\u00dfigem Pr\u00e4senzunterricht. Da die Informationen in diesen Tagen sehr kurzfristig bei uns eingehen, m\u00f6chte ich Ihnen ausdr\u00fccklich die Homepage des Bayerischen Kultusministeriums empfehlen. Dort&hellip;&nbsp;<a href=\"https:\/\/vs-durach.de\/index.php\/2020\/09\/03\/informationen-zum-schulstart\/\" rel=\"bookmark\">Weiterlesen &raquo;<span class=\"screen-reader-text\">Informationen zum Schulstart<\/span><\/a><\/p>\n","protected":false},"author":8,"featured_media":2930,"comment_status":"closed","ping_status":"open","sticky":false,"template":"","format":"standard","meta":{"neve_meta_sidebar":"","neve_meta_container":"","neve_meta_enable_content_width":"","neve_meta_content_width":0,"neve_meta_title_alignment":"","neve_meta_author_avatar":"","neve_post_elements_order":"","neve_meta_disable_header":"","neve_meta_disable_footer":"","neve_meta_disable_title":"","_themeisle_gutenberg_block_has_review":false,"footnotes":""},"categories":[36],"tags":[],"class_list":["post-2923","post","type-post","status-publish","format-standard","has-post-thumbnail","hentry","category-aktuelles-2020-2021"],"_links":{"self":[{"href":"https:\/\/vs-durach.de\/index.php\/wp-json\/wp\/v2\/posts\/2923","targetHints":{"allow":["GET"]}}],"collection":[{"href":"https:\/\/vs-durach.de\/index.php\/wp-json\/wp\/v2\/posts"}],"about":[{"href":"https:\/\/vs-durach.de\/index.php\/wp-json\/wp\/v2\/types\/post"}],"author":[{"embeddable":true,"href":"https:\/\/vs-durach.de\/index.php\/wp-json\/wp\/v2\/users\/8"}],"replies":[{"embeddable":true,"href":"https:\/\/vs-durach.de\/index.php\/wp-json\/wp\/v2\/comments?post=2923"}],"version-history":[{"count":5,"href":"https:\/\/vs-durach.de\/index.php\/wp-json\/wp\/v2\/posts\/2923\/revisions"}],"predecessor-version":[{"id":2928,"href":"https:\/\/vs-durach.de\/index.php\/wp-json\/wp\/v2\/posts\/2923\/revisions\/2928"}],"wp:featuredmedia":[{"embeddable":true,"href":"https:\/\/vs-durach.de\/index.php\/wp-json\/wp\/v2\/media\/2930"}],"wp:attachment":[{"href":"https:\/\/vs-durach.de\/index.php\/wp-json\/wp\/v2\/media?parent=2923"}],"wp:term":[{"taxonomy":"category","embeddable":true,"href":"https:\/\/vs-durach.de\/index.php\/wp-json\/wp\/v2\/categories?post=2923"},{"taxonomy":"post_tag","embeddable":true,"href":"https:\/\/vs-durach.de\/index.php\/wp-json\/wp\/v2\/tags?post=2923"}],"curies":[{"name":"wp","href":"https:\/\/api.w.org\/{rel}","templated":true}]}}