{"id":3013,"date":"2020-10-14T09:23:52","date_gmt":"2020-10-14T07:23:52","guid":{"rendered":"http:\/\/vs-durach.de\/?p=3013"},"modified":"2020-10-14T09:34:32","modified_gmt":"2020-10-14T07:34:32","slug":"aktuelle-informationen-zu-corona","status":"publish","type":"post","link":"https:\/\/vs-durach.de\/index.php\/2020\/10\/14\/aktuelle-informationen-zu-corona\/","title":{"rendered":"Aktuelle Informationen zu Corona"},"content":{"rendered":"\t\t<div data-elementor-type=\"wp-post\" data-elementor-id=\"3013\" class=\"elementor elementor-3013\">\n\t\t\t\t\t\t<section class=\"elementor-section elementor-top-section elementor-element elementor-element-6ff4910 elementor-section-boxed elementor-section-height-default elementor-section-height-default\" data-id=\"6ff4910\" data-element_type=\"section\" data-e-type=\"section\">\n\t\t\t\t\t\t<div class=\"elementor-container elementor-column-gap-default\">\n\t\t\t\t\t<div class=\"elementor-column elementor-col-100 elementor-top-column elementor-element elementor-element-6d82386\" data-id=\"6d82386\" data-element_type=\"column\" data-e-type=\"column\">\n\t\t\t<div class=\"elementor-widget-wrap elementor-element-populated\">\n\t\t\t\t\t\t<div class=\"elementor-element elementor-element-ca0d8d9 elementor-widget elementor-widget-image\" data-id=\"ca0d8d9\" data-element_type=\"widget\" data-e-type=\"widget\" data-widget_type=\"image.default\">\n\t\t\t\t<div class=\"elementor-widget-container\">\n\t\t\t\t\t\t\t\t\t\t\t\t\t\t\t\t<a href=\"https:\/\/vs-durach.de\/wp-content\/uploads\/2020\/10\/Bild1.png\" data-elementor-open-lightbox=\"yes\" data-elementor-lightbox-title=\"Bild1\" data-e-action-hash=\"#elementor-action%3Aaction%3Dlightbox%26settings%3DeyJpZCI6MzAxNiwidXJsIjoiaHR0cHM6XC9cL3ZzLWR1cmFjaC5kZVwvd3AtY29udGVudFwvdXBsb2Fkc1wvMjAyMFwvMTBcL0JpbGQxLnBuZyJ9\">\n\t\t\t\t\t\t\t<img fetchpriority=\"high\" decoding=\"async\" width=\"246\" height=\"300\" src=\"https:\/\/vs-durach.de\/wp-content\/uploads\/2020\/10\/Bild1-246x300.png\" class=\"attachment-medium size-medium wp-image-3016\" alt=\"\" srcset=\"https:\/\/vs-durach.de\/wp-content\/uploads\/2020\/10\/Bild1-246x300.png 246w, https:\/\/vs-durach.de\/wp-content\/uploads\/2020\/10\/Bild1.png 574w\" sizes=\"(max-width: 246px) 100vw, 246px\" \/>\t\t\t\t\t\t\t\t<\/a>\n\t\t\t\t\t\t\t\t\t\t\t\t\t\t\t<\/div>\n\t\t\t\t<\/div>\n\t\t\t\t\t<\/div>\n\t\t<\/div>\n\t\t\t\t\t<\/div>\n\t\t<\/section>\n\t\t\t\t<section class=\"elementor-section elementor-top-section elementor-element elementor-element-93b0793 elementor-section-boxed elementor-section-height-default elementor-section-height-default\" data-id=\"93b0793\" data-element_type=\"section\" data-e-type=\"section\">\n\t\t\t\t\t\t<div class=\"elementor-container elementor-column-gap-default\">\n\t\t\t\t\t<div class=\"elementor-column elementor-col-100 elementor-top-column elementor-element elementor-element-71ad9e7\" data-id=\"71ad9e7\" data-element_type=\"column\" data-e-type=\"column\">\n\t\t\t<div class=\"elementor-widget-wrap elementor-element-populated\">\n\t\t\t\t\t\t<div class=\"elementor-element elementor-element-8e4cfad elementor-widget elementor-widget-text-editor\" data-id=\"8e4cfad\" data-element_type=\"widget\" data-e-type=\"widget\" data-widget_type=\"text-editor.default\">\n\t\t\t\t<div class=\"elementor-widget-container\">\n\t\t\t\t\t\t\t\t\t<p>Sehr geehrte Eltern,<\/p>\n<p>nachdem mir t\u00e4glich mehrere dieser Exemplare (aus dem Internet entnommener Vordruck zum Thema Corona) zur Unterschrift vorgelegt werden, m\u00f6chte ich Folgendes klarstellen:<\/p>\n<p><\/p>\n<p><strong>Die Durchf\u00fchrung eines PCR- oder vergleichbaren Testes ist nicht Sache der Schule!<\/strong><strong style=\"color: var( --e-global-color-text ); font-size: 1.6rem;\">&nbsp;<\/strong><\/p>\n<p>Hierf\u00fcr sind die Gesundheits\u00e4mter zust\u00e4ndig. In einem Coronafall\/Verdachtsfall informiert das Gesundheitsamt oder die Schule (diese auf Anweisung des Gesundheitsamtes) die Eltern der Betroffenen (und nur diese!) \u00fcber die weitere Vorgehensweise. Hierbei halten wir uns (Schulleitung und Lehrkr\u00e4fte) an die Datenschutzbestimmungen, was die vereinzelt eingeforderte Information von Unbeteiligten (\u00fcber Presse oder Whatsapp!!) zu einem eventuellen Fall absolut ausschlie\u00dft. Informationen\/Ger\u00fcchte dieser Art zu verbreiten erfolgt von schulischer Seite keinesfalls.<\/p>\n<p><\/p>\n<p>Da das obige Schreiben eine nicht in meiner Befugnis stehende eventuelle Vorgehensweise betrifft, sehe ich mich nicht veranlasst derartige Schreiben zu best\u00e4tigen.<\/p>\n<p><\/p>\n<p>Mit freundlichen Gr\u00fc\u00dfen<\/p>\n<p>Richard Wucherer<\/p>\n<p>Rektor der Grund- und Mittelschulen Durach<\/p>\t\t\t\t\t\t\t\t<\/div>\n\t\t\t\t<\/div>\n\t\t\t\t\t<\/div>\n\t\t<\/div>\n\t\t\t\t\t<\/div>\n\t\t<\/section>\n\t\t\t\t<\/div>\n\t\t","protected":false},"excerpt":{"rendered":"<p>Sehr geehrte Eltern, nachdem mir t\u00e4glich mehrere dieser Exemplare (aus dem Internet entnommener Vordruck zum Thema Corona) zur Unterschrift vorgelegt werden, m\u00f6chte ich Folgendes klarstellen: Die Durchf\u00fchrung eines PCR- oder vergleichbaren Testes ist nicht Sache der Schule!&nbsp; Hierf\u00fcr sind die Gesundheits\u00e4mter zust\u00e4ndig. In einem Coronafall\/Verdachtsfall informiert das Gesundheitsamt oder die Schule (diese auf Anweisung des&hellip;&nbsp;<a href=\"https:\/\/vs-durach.de\/index.php\/2020\/10\/14\/aktuelle-informationen-zu-corona\/\" rel=\"bookmark\">Weiterlesen &raquo;<span class=\"screen-reader-text\">Aktuelle Informationen zu Corona<\/span><\/a><\/p>\n","protected":false},"author":8,"featured_media":3016,"comment_status":"closed","ping_status":"open","sticky":false,"template":"","format":"standard","meta":{"neve_meta_sidebar":"","neve_meta_container":"","neve_meta_enable_content_width":"","neve_meta_content_width":0,"neve_meta_title_alignment":"","neve_meta_author_avatar":"","neve_post_elements_order":"","neve_meta_disable_header":"","neve_meta_disable_footer":"","neve_meta_disable_title":"","_themeisle_gutenberg_block_has_review":false,"footnotes":""},"categories":[36],"tags":[],"class_list":["post-3013","post","type-post","status-publish","format-standard","has-post-thumbnail","hentry","category-aktuelles-2020-2021"],"_links":{"self":[{"href":"https:\/\/vs-durach.de\/index.php\/wp-json\/wp\/v2\/posts\/3013","targetHints":{"allow":["GET"]}}],"collection":[{"href":"https:\/\/vs-durach.de\/index.php\/wp-json\/wp\/v2\/posts"}],"about":[{"href":"https:\/\/vs-durach.de\/index.php\/wp-json\/wp\/v2\/types\/post"}],"author":[{"embeddable":true,"href":"https:\/\/vs-durach.de\/index.php\/wp-json\/wp\/v2\/users\/8"}],"replies":[{"embeddable":true,"href":"https:\/\/vs-durach.de\/index.php\/wp-json\/wp\/v2\/comments?post=3013"}],"version-history":[{"count":6,"href":"https:\/\/vs-durach.de\/index.php\/wp-json\/wp\/v2\/posts\/3013\/revisions"}],"predecessor-version":[{"id":3022,"href":"https:\/\/vs-durach.de\/index.php\/wp-json\/wp\/v2\/posts\/3013\/revisions\/3022"}],"wp:featuredmedia":[{"embeddable":true,"href":"https:\/\/vs-durach.de\/index.php\/wp-json\/wp\/v2\/media\/3016"}],"wp:attachment":[{"href":"https:\/\/vs-durach.de\/index.php\/wp-json\/wp\/v2\/media?parent=3013"}],"wp:term":[{"taxonomy":"category","embeddable":true,"href":"https:\/\/vs-durach.de\/index.php\/wp-json\/wp\/v2\/categories?post=3013"},{"taxonomy":"post_tag","embeddable":true,"href":"https:\/\/vs-durach.de\/index.php\/wp-json\/wp\/v2\/tags?post=3013"}],"curies":[{"name":"wp","href":"https:\/\/api.w.org\/{rel}","templated":true}]}}