{"id":3154,"date":"2021-03-25T08:21:29","date_gmt":"2021-03-25T07:21:29","guid":{"rendered":"http:\/\/vs-durach.de\/?p=3154"},"modified":"2021-03-27T11:10:29","modified_gmt":"2021-03-27T10:10:29","slug":"die-neue-schuelerbuecherei","status":"publish","type":"post","link":"https:\/\/vs-durach.de\/index.php\/2021\/03\/25\/die-neue-schuelerbuecherei\/","title":{"rendered":"Die neue Sch\u00fclerb\u00fccherei"},"content":{"rendered":"\t\t<div data-elementor-type=\"wp-post\" data-elementor-id=\"3154\" class=\"elementor elementor-3154\">\n\t\t\t\t\t\t<section class=\"elementor-section elementor-top-section elementor-element elementor-element-eb00598 elementor-section-boxed elementor-section-height-default elementor-section-height-default\" data-id=\"eb00598\" data-element_type=\"section\" data-e-type=\"section\">\n\t\t\t\t\t\t<div class=\"elementor-container elementor-column-gap-default\">\n\t\t\t\t\t<div class=\"elementor-column elementor-col-100 elementor-top-column elementor-element elementor-element-836bfa3\" data-id=\"836bfa3\" data-element_type=\"column\" data-e-type=\"column\">\n\t\t\t<div class=\"elementor-widget-wrap elementor-element-populated\">\n\t\t\t\t\t\t<div class=\"elementor-element elementor-element-21e43a9 elementor-widget elementor-widget-image\" data-id=\"21e43a9\" data-element_type=\"widget\" data-e-type=\"widget\" data-widget_type=\"image.default\">\n\t\t\t\t<div class=\"elementor-widget-container\">\n\t\t\t\t\t\t\t\t\t\t\t\t<figure class=\"wp-caption\">\n\t\t\t\t\t\t\t\t\t\t\t<a href=\"https:\/\/vs-durach.de\/wp-content\/uploads\/2021\/03\/IMG_1010-scaled.jpg\" data-elementor-open-lightbox=\"yes\" data-elementor-lightbox-title=\"IMG_1010\" data-e-action-hash=\"#elementor-action%3Aaction%3Dlightbox%26settings%3DeyJpZCI6MzE1NSwidXJsIjoiaHR0cHM6XC9cL3ZzLWR1cmFjaC5kZVwvd3AtY29udGVudFwvdXBsb2Fkc1wvMjAyMVwvMDNcL0lNR18xMDEwLXNjYWxlZC5qcGcifQ%3D%3D\">\n\t\t\t\t\t\t\t<img fetchpriority=\"high\" decoding=\"async\" width=\"300\" height=\"200\" src=\"https:\/\/vs-durach.de\/wp-content\/uploads\/2021\/03\/IMG_1010-300x200.jpg\" class=\"attachment-medium size-medium wp-image-3155\" alt=\"\" srcset=\"https:\/\/vs-durach.de\/wp-content\/uploads\/2021\/03\/IMG_1010-300x200.jpg 300w, https:\/\/vs-durach.de\/wp-content\/uploads\/2021\/03\/IMG_1010-1024x683.jpg 1024w, https:\/\/vs-durach.de\/wp-content\/uploads\/2021\/03\/IMG_1010-768x512.jpg 768w, https:\/\/vs-durach.de\/wp-content\/uploads\/2021\/03\/IMG_1010-1536x1024.jpg 1536w, https:\/\/vs-durach.de\/wp-content\/uploads\/2021\/03\/IMG_1010-2048x1365.jpg 2048w, https:\/\/vs-durach.de\/wp-content\/uploads\/2021\/03\/IMG_1010-750x500.jpg 750w\" sizes=\"(max-width: 300px) 100vw, 300px\" \/>\t\t\t\t\t\t\t\t<\/a>\n\t\t\t\t\t\t\t\t\t\t\t<figcaption class=\"widget-image-caption wp-caption-text\">Scheck\u00fcbergabe - von links: Michaela Herz, Elternbeiratsvorsitende, Katharina Wezel, B\u00fcchereileiterin, Andrea Hesse, Konrektorin<\/figcaption>\n\t\t\t\t\t\t\t\t\t\t<\/figure>\n\t\t\t\t\t\t\t\t\t<\/div>\n\t\t\t\t<\/div>\n\t\t\t\t\t<\/div>\n\t\t<\/div>\n\t\t\t\t\t<\/div>\n\t\t<\/section>\n\t\t\t\t<section class=\"elementor-section elementor-top-section elementor-element elementor-element-675255e elementor-section-boxed elementor-section-height-default elementor-section-height-default\" data-id=\"675255e\" data-element_type=\"section\" data-e-type=\"section\">\n\t\t\t\t\t\t<div class=\"elementor-container elementor-column-gap-default\">\n\t\t\t\t\t<div class=\"elementor-column elementor-col-100 elementor-top-column elementor-element elementor-element-bd38917\" data-id=\"bd38917\" data-element_type=\"column\" data-e-type=\"column\">\n\t\t\t<div class=\"elementor-widget-wrap elementor-element-populated\">\n\t\t\t\t\t\t<div class=\"elementor-element elementor-element-b8e7ab8 elementor-widget elementor-widget-text-editor\" data-id=\"b8e7ab8\" data-element_type=\"widget\" data-e-type=\"widget\" data-widget_type=\"text-editor.default\">\n\t\t\t\t<div class=\"elementor-widget-container\">\n\t\t\t\t\t\t\t\t\t<p>Endlich ist es soweit! Nach langer Wartezeit k\u00f6nnen wir unsere neu gestaltete Sch\u00fclerb\u00fccherei wieder nutzen. Schon lange haben sich die Sch\u00fcler die Nasen an der Glast\u00fcr plattgedr\u00fcckt und immer wieder gefragt, wann die B\u00fccherei denn nun er\u00f6ffnet werde.<\/p><p>Und es ist viel passiert: Der Raum wurde durch Herausnehmen einer Wand um einiges vergr\u00f6\u00dfert, hell gestrichen, mit einem neuen Beleuchtungssystem versehen und soliden freistehenden Regalen ausgestattet.<\/p><p>Ein ausklappbares Sofa mit dazu passendem Sessel, drei Sitzpodeste, zwei gro\u00dfe Bodenkissen und viele kleine runde Sitzpolster in ansprechenden fr\u00f6hlichen Farben laden zum gem\u00fctlichen Schm\u00f6kern ein.<\/p><p>Der B\u00fccherbestand wurde ausgemistet und mit knapp 500 neuen Titeln aufgestockt. Alleine 300 tolle B\u00fccher im gesch\u00e4tzten Wert von 2700 Euro kamen aus der B\u00fccherspendenaktion letzten Sommer, initiiert von der Elternbeiratsvorsitzenden Frau Michaela Herz. Ein herzliches Dankesch\u00f6n an all die Familien, die uns so eine gro\u00dfz\u00fcgige \u00dcberraschung beschert haben! Hinzu kamen noch B\u00fccher im Wert von 500 Euro, die ebenfalls der Elternbeirat bewilligt und in zeitaufw\u00e4ndiger Kleinarbeit organisiert hat. Auch hierf\u00fcr und die durchg\u00e4ngige Unterst\u00fctzung des B\u00fcchereiprojektes vielen Dank!<\/p><p>Insgesamt f\u00fchrt unsere B\u00fccherei nun knapp \u00fcber 2000 B\u00fccher. Den gr\u00f6\u00dften Teil darunter macht die Abteilung Sachbuch mit vielen neuen Titeln passend zu den Lehrplaninhalten sowie zu aktuellen Themen wie Nachhaltigkeit, Globalisierung und Digitalisierung aus. Sie kann gleicherma\u00dfen von Grund- und Mittelsch\u00fclern genutzt werden.<\/p><p>Der Bereich Kinder- und Jugendliteratur ist nach Lese- und Altersstufen untergliedert und bietet von Erstleseb\u00fcchern \u00fcber viele verschiedene beliebte Buchreihen zu unterschiedlichsten Interessensschwerpunkten hin zu Titeln f\u00fcr Mittelsch\u00fcler. Ein Gro\u00dfteil der B\u00fccher ist nat\u00fcrlich in Antolin vertreten und kann dort mit einem Quiz bearbeitet werden.<\/p><p>Alle B\u00fccher wurden in das neue digitale B\u00fcchereiprogramm aufgenommen und k\u00f6nnen nun schnell und unkompliziert \u00fcber einen Scanner ausgeliehen und zur\u00fcckgegeben werden.<\/p><p>Solange es n\u00f6tig ist, wird die B\u00fccherei von den Klassen nat\u00fcrlich unter Einhaltung der jeweiligen Hygienebestimmungen genutzt, was uns aber nicht davon abh\u00e4lt, uns mit Begeisterung ins Leseabenteuer zu st\u00fcrzen\u2026<\/p><p>\u00a0 \u00a0 \u00a0 \u00a0 \u00a0 \u00a0 \u00a0 \u00a0 \u00a0 \u00a0 \u00a0 \u00a0 \u00a0 \u00a0 \u00a0 \u00a0 \u00a0 \u00a0 \u00a0 \u00a0 \u00a0 \u00a0 \u00a0 \u00a0 \u00a0 \u00a0 \u00a0 \u00a0 \u00a0 \u00a0 \u00a0 \u00a0 \u00a0 \u00a0 \u00a0 \u00a0 \u00a0 \u00a0 \u00a0 \u00a0 \u00a0 \u00a0 \u00a0 \u00a0 \u00a0 \u00a0 \u00a0 \u00a0 \u00a0 \u00a0 \u00a0 \u00a0 \u00a0 \u00a0 \u00a0 \u00a0 \u00a0 \u00a0 \u00a0 \u00a0 \u00a0 \u00a0 \u00a0 \u00a0 \u00a0 \u00a0 \u00a0 \u00a0 \u00a0 \u00a0 \u00a0 \u00a0 \u00a0 \u00a0 \u00a0 \u00a0 \u00a0 \u00a0 \u00a0 \u00a0 \u00a0 \u00a0 \u00a0 \u00a0 \u00a0 \u00a0 \u00a0Katharina Wezel<\/p>\t\t\t\t\t\t\t\t<\/div>\n\t\t\t\t<\/div>\n\t\t\t\t\t<\/div>\n\t\t<\/div>\n\t\t\t\t\t<\/div>\n\t\t<\/section>\n\t\t\t\t<section class=\"elementor-section elementor-top-section elementor-element elementor-element-d750687 elementor-section-boxed elementor-section-height-default elementor-section-height-default\" data-id=\"d750687\" data-element_type=\"section\" data-e-type=\"section\">\n\t\t\t\t\t\t<div class=\"elementor-container elementor-column-gap-default\">\n\t\t\t\t\t<div class=\"elementor-column elementor-col-100 elementor-top-column elementor-element elementor-element-1a20e6e\" data-id=\"1a20e6e\" data-element_type=\"column\" data-e-type=\"column\">\n\t\t\t<div class=\"elementor-widget-wrap elementor-element-populated\">\n\t\t\t\t\t\t<div class=\"elementor-element elementor-element-89335a8 elementor-widget elementor-widget-image\" data-id=\"89335a8\" data-element_type=\"widget\" data-e-type=\"widget\" data-widget_type=\"image.default\">\n\t\t\t\t<div class=\"elementor-widget-container\">\n\t\t\t\t\t\t\t\t\t\t\t\t\t\t\t\t<a href=\"https:\/\/vs-durach.de\/wp-content\/uploads\/2021\/03\/Buecherei-scaled.jpg\" data-elementor-open-lightbox=\"yes\" data-elementor-lightbox-title=\"B\u00fccherei\" data-e-action-hash=\"#elementor-action%3Aaction%3Dlightbox%26settings%3DeyJpZCI6MzE1NiwidXJsIjoiaHR0cHM6XC9cL3ZzLWR1cmFjaC5kZVwvd3AtY29udGVudFwvdXBsb2Fkc1wvMjAyMVwvMDNcL0J1ZWNoZXJlaS1zY2FsZWQuanBnIn0%3D\">\n\t\t\t\t\t\t\t<img decoding=\"async\" width=\"300\" height=\"225\" src=\"https:\/\/vs-durach.de\/wp-content\/uploads\/2021\/03\/Buecherei-300x225.jpg\" class=\"attachment-medium size-medium wp-image-3156\" alt=\"\" srcset=\"https:\/\/vs-durach.de\/wp-content\/uploads\/2021\/03\/Buecherei-300x225.jpg 300w, https:\/\/vs-durach.de\/wp-content\/uploads\/2021\/03\/Buecherei-1024x768.jpg 1024w, https:\/\/vs-durach.de\/wp-content\/uploads\/2021\/03\/Buecherei-768x576.jpg 768w, https:\/\/vs-durach.de\/wp-content\/uploads\/2021\/03\/Buecherei-1536x1152.jpg 1536w, https:\/\/vs-durach.de\/wp-content\/uploads\/2021\/03\/Buecherei-2048x1536.jpg 2048w, https:\/\/vs-durach.de\/wp-content\/uploads\/2021\/03\/Buecherei-285x214.jpg 285w\" sizes=\"(max-width: 300px) 100vw, 300px\" \/>\t\t\t\t\t\t\t\t<\/a>\n\t\t\t\t\t\t\t\t\t\t\t\t\t\t\t<\/div>\n\t\t\t\t<\/div>\n\t\t\t\t\t<\/div>\n\t\t<\/div>\n\t\t\t\t\t<\/div>\n\t\t<\/section>\n\t\t\t\t<section class=\"elementor-section elementor-top-section elementor-element elementor-element-dd91d64 elementor-section-boxed elementor-section-height-default elementor-section-height-default\" data-id=\"dd91d64\" data-element_type=\"section\" data-e-type=\"section\">\n\t\t\t\t\t\t<div class=\"elementor-container elementor-column-gap-default\">\n\t\t\t\t\t<div class=\"elementor-column elementor-col-100 elementor-top-column elementor-element elementor-element-b7b9dce\" data-id=\"b7b9dce\" data-element_type=\"column\" data-e-type=\"column\">\n\t\t\t<div class=\"elementor-widget-wrap elementor-element-populated\">\n\t\t\t\t\t\t<div class=\"elementor-element elementor-element-3577e0b elementor-widget elementor-widget-text-editor\" data-id=\"3577e0b\" data-element_type=\"widget\" data-e-type=\"widget\" data-widget_type=\"text-editor.default\">\n\t\t\t\t<div class=\"elementor-widget-container\">\n\t\t\t\t\t\t\t\t\t<p>Wir m\u00f6chten uns recht herzlich bei Lehrerin Katharina Wezel f\u00fcr den Aufbau der Sch\u00fclerb\u00fccherei bedanken! Sie hat in zahlreichen Stunden Arbeit z.B. B\u00fccher katalogisiert, neue B\u00fccher organisiert, M\u00f6bel ausgesucht uvm.\u00a0<\/p><p>Weiter m\u00f6chten wir uns beim Elternbeirat und der Gemeinde f\u00fcr die gro\u00dfz\u00fcgige Unterst\u00fctzung bedanken!<\/p><p>\u00a0 \u00a0 \u00a0 \u00a0 \u00a0 \u00a0 \u00a0 \u00a0 \u00a0 \u00a0 \u00a0 \u00a0 \u00a0 \u00a0 \u00a0 \u00a0 \u00a0 \u00a0 \u00a0 \u00a0 \u00a0 \u00a0 \u00a0 \u00a0 \u00a0 \u00a0 \u00a0 \u00a0 \u00a0 \u00a0 \u00a0 \u00a0 \u00a0 \u00a0 \u00a0 \u00a0 \u00a0 \u00a0 \u00a0 \u00a0 \u00a0 \u00a0 \u00a0 \u00a0 \u00a0 \u00a0 \u00a0 \u00a0 \u00a0 \u00a0 \u00a0 \u00a0 Das Schulleitungsteam<\/p>\t\t\t\t\t\t\t\t<\/div>\n\t\t\t\t<\/div>\n\t\t\t\t\t<\/div>\n\t\t<\/div>\n\t\t\t\t\t<\/div>\n\t\t<\/section>\n\t\t\t\t<\/div>\n\t\t","protected":false},"excerpt":{"rendered":"<p>Scheck\u00fcbergabe &#8211; von links: Michaela Herz, Elternbeiratsvorsitende, Katharina Wezel, B\u00fcchereileiterin, Andrea Hesse, Konrektorin Endlich ist es soweit! Nach langer Wartezeit k\u00f6nnen wir unsere neu gestaltete Sch\u00fclerb\u00fccherei wieder nutzen. Schon lange haben sich die Sch\u00fcler die Nasen an der Glast\u00fcr plattgedr\u00fcckt und immer wieder gefragt, wann die B\u00fccherei denn nun er\u00f6ffnet werde. Und es ist viel&hellip;&nbsp;<a href=\"https:\/\/vs-durach.de\/index.php\/2021\/03\/25\/die-neue-schuelerbuecherei\/\" rel=\"bookmark\">Weiterlesen &raquo;<span class=\"screen-reader-text\">Die neue Sch\u00fclerb\u00fccherei<\/span><\/a><\/p>\n","protected":false},"author":8,"featured_media":3155,"comment_status":"closed","ping_status":"closed","sticky":true,"template":"","format":"standard","meta":{"neve_meta_sidebar":"","neve_meta_container":"","neve_meta_enable_content_width":"","neve_meta_content_width":0,"neve_meta_title_alignment":"","neve_meta_author_avatar":"","neve_post_elements_order":"","neve_meta_disable_header":"","neve_meta_disable_footer":"","neve_meta_disable_title":"","_themeisle_gutenberg_block_has_review":false,"footnotes":""},"categories":[36],"tags":[],"class_list":["post-3154","post","type-post","status-publish","format-standard","has-post-thumbnail","hentry","category-aktuelles-2020-2021"],"_links":{"self":[{"href":"https:\/\/vs-durach.de\/index.php\/wp-json\/wp\/v2\/posts\/3154","targetHints":{"allow":["GET"]}}],"collection":[{"href":"https:\/\/vs-durach.de\/index.php\/wp-json\/wp\/v2\/posts"}],"about":[{"href":"https:\/\/vs-durach.de\/index.php\/wp-json\/wp\/v2\/types\/post"}],"author":[{"embeddable":true,"href":"https:\/\/vs-durach.de\/index.php\/wp-json\/wp\/v2\/users\/8"}],"replies":[{"embeddable":true,"href":"https:\/\/vs-durach.de\/index.php\/wp-json\/wp\/v2\/comments?post=3154"}],"version-history":[{"count":22,"href":"https:\/\/vs-durach.de\/index.php\/wp-json\/wp\/v2\/posts\/3154\/revisions"}],"predecessor-version":[{"id":3199,"href":"https:\/\/vs-durach.de\/index.php\/wp-json\/wp\/v2\/posts\/3154\/revisions\/3199"}],"wp:featuredmedia":[{"embeddable":true,"href":"https:\/\/vs-durach.de\/index.php\/wp-json\/wp\/v2\/media\/3155"}],"wp:attachment":[{"href":"https:\/\/vs-durach.de\/index.php\/wp-json\/wp\/v2\/media?parent=3154"}],"wp:term":[{"taxonomy":"category","embeddable":true,"href":"https:\/\/vs-durach.de\/index.php\/wp-json\/wp\/v2\/categories?post=3154"},{"taxonomy":"post_tag","embeddable":true,"href":"https:\/\/vs-durach.de\/index.php\/wp-json\/wp\/v2\/tags?post=3154"}],"curies":[{"name":"wp","href":"https:\/\/api.w.org\/{rel}","templated":true}]}}