{"id":3481,"date":"2021-11-25T08:20:01","date_gmt":"2021-11-25T07:20:01","guid":{"rendered":"https:\/\/vs-durach.de\/?p=3481"},"modified":"2021-11-25T08:23:49","modified_gmt":"2021-11-25T07:23:49","slug":"vorlesetag-in-der-2a","status":"publish","type":"post","link":"https:\/\/vs-durach.de\/index.php\/2021\/11\/25\/vorlesetag-in-der-2a\/","title":{"rendered":"Vorlesetag in der 2a"},"content":{"rendered":"\t\t<div data-elementor-type=\"wp-post\" data-elementor-id=\"3481\" class=\"elementor elementor-3481\">\n\t\t\t\t\t\t<section class=\"elementor-section elementor-top-section elementor-element elementor-element-25597d6 elementor-section-boxed elementor-section-height-default elementor-section-height-default\" data-id=\"25597d6\" data-element_type=\"section\" data-e-type=\"section\">\n\t\t\t\t\t\t<div class=\"elementor-container elementor-column-gap-default\">\n\t\t\t\t\t<div class=\"elementor-column elementor-col-100 elementor-top-column elementor-element elementor-element-fdcdfc8\" data-id=\"fdcdfc8\" data-element_type=\"column\" data-e-type=\"column\">\n\t\t\t<div class=\"elementor-widget-wrap elementor-element-populated\">\n\t\t\t\t\t\t<div class=\"elementor-element elementor-element-7e8c5b4 elementor-widget elementor-widget-text-editor\" data-id=\"7e8c5b4\" data-element_type=\"widget\" data-e-type=\"widget\" data-widget_type=\"text-editor.default\">\n\t\t\t\t<div class=\"elementor-widget-container\">\n\t\t\t\t\t\t\t\t\t<p>Lies mir doch bitte was vor!<\/p><p>Am 19. November war der bundesweite Vorlesetag mit dem Motto \u201eFreundschaft und Zusammenhalt\u201c. Dazu haben wir unsere Klasse zusammen mit \u00fcber einer halben Million anderer Teilnehmer zum digitalen Vorleseevent angemeldet. Gleich morgens ging es mit einer kurzen Online-Begr\u00fc\u00dfung der Initiatoren los. Da haben wir etwas dar\u00fcber erfahren, warum Vorlesen so wichtig und nat\u00fcrlich auch so sch\u00f6n ist: Gemeinsam in die Welt der B\u00fccher und Geschichten einzutauchen, macht zun\u00e4chst einmal Freude, st\u00e4rkt das Gemeinschaftsgef\u00fchl, l\u00e4sst uns zur Ruhe kommen und vermittelt Geborgenheit. Egal welche Art von Geschichten wir lesen, werden unser Denk- und Einf\u00fchlungsverm\u00f6gen, die Konzentration und unsere Logik in hohem Ma\u00df gef\u00f6rdert. Letztendlich erweitern wir mit jeder Geschichte unser Wissen, erleben unterschiedlichste M\u00f6glichkeiten der Konfliktbew\u00e4ltigung und erweitern unseren Wortschatz und die Sprachkompetenz.<\/p><p>Geimpft\/genesen und am Morgen getestet, hatten wir dann zwei M\u00fctter bei uns zu Besuch, die uns zwei ganz unterschiedliche, spannende Geschichten vorgelesen haben. Da wurde gelacht, mitgefiebert und sich im Anschluss \u00fcber die Besonderheiten und \u00fcberraschenden Wendungen gesprochen.<\/p><p>Ein besonderes Erlebnis war \u201eDie kleine Raupe Nimmersatt\u201c von Eric Carle in der Originalsprache Englisch zu h\u00f6ren: Da jedes Kind diese Geschichte sehr gut kennt und der Text eins zu eins illustriert ist, konnten die Kinder erfahren, dass es gar nicht so schwer ist, einer anderen Sprache zu folgen und das eine oder andere zu \u201everstehen\u201c.<\/p><p>Nachdem wir ein neues Lied zum Lesen gelernt hatten, konnten wir zum Abschluss noch eine Geschichte online verfolgen und unsere Eindr\u00fccke individuell durch Malen und Schreiben festhalten. Dieser Aktionstag hat allen viel Spa\u00df gemacht und bekr\u00e4ftigt, immer wieder zu sagen:<\/p><p>Lies mir doch bitte was vor!<\/p><p>\u00a0\u00a0\u00a0\u00a0\u00a0\u00a0\u00a0\u00a0\u00a0\u00a0\u00a0\u00a0\u00a0\u00a0\u00a0\u00a0\u00a0\u00a0\u00a0\u00a0\u00a0\u00a0\u00a0\u00a0\u00a0\u00a0\u00a0\u00a0\u00a0\u00a0\u00a0\u00a0\u00a0\u00a0\u00a0\u00a0\u00a0\u00a0\u00a0\u00a0\u00a0\u00a0\u00a0\u00a0\u00a0\u00a0\u00a0\u00a0\u00a0\u00a0\u00a0\u00a0\u00a0\u00a0\u00a0\u00a0\u00a0\u00a0\u00a0\u00a0\u00a0\u00a0\u00a0\u00a0\u00a0\u00a0\u00a0\u00a0\u00a0\u00a0\u00a0\u00a0\u00a0\u00a0\u00a0\u00a0\u00a0\u00a0\u00a0\u00a0\u00a0\u00a0\u00a0\u00a0\u00a0\u00a0\u00a0\u00a0\u00a0\u00a0\u00a0\u00a0\u00a0\u00a0\u00a0\u00a0\u00a0\u00a0\u00a0\u00a0\u00a0\u00a0\u00a0\u00a0\u00a0\u00a0\u00a0\u00a0\u00a0\u00a0\u00a0\u00a0\u00a0\u00a0\u00a0\u00a0\u00a0\u00a0\u00a0\u00a0\u00a0\u00a0\u00a0\u00a0\u00a0\u00a0\u00a0\u00a0\u00a0\u00a0\u00a0\u00a0\u00a0\u00a0\u00a0\u00a0\u00a0\u00a0\u00a0\u00a0\u00a0\u00a0\u00a0\u00a0\u00a0\u00a0\u00a0\u00a0\u00a0\u00a0\u00a0\u00a0\u00a0\u00a0\u00a0\u00a0 Katharina Wezel, 2a<\/p>\t\t\t\t\t\t\t\t<\/div>\n\t\t\t\t<\/div>\n\t\t\t\t\t<\/div>\n\t\t<\/div>\n\t\t\t\t\t<\/div>\n\t\t<\/section>\n\t\t\t\t<section class=\"elementor-section elementor-top-section elementor-element elementor-element-688015d elementor-section-boxed elementor-section-height-default elementor-section-height-default\" data-id=\"688015d\" data-element_type=\"section\" data-e-type=\"section\">\n\t\t\t\t\t\t<div class=\"elementor-container elementor-column-gap-default\">\n\t\t\t\t\t<div class=\"elementor-column elementor-col-100 elementor-top-column elementor-element elementor-element-c2f3a3a\" data-id=\"c2f3a3a\" data-element_type=\"column\" data-e-type=\"column\">\n\t\t\t<div class=\"elementor-widget-wrap elementor-element-populated\">\n\t\t\t\t\t\t<div class=\"elementor-element elementor-element-0dc05f4 elementor-widget elementor-widget-image\" data-id=\"0dc05f4\" data-element_type=\"widget\" data-e-type=\"widget\" data-widget_type=\"image.default\">\n\t\t\t\t<div class=\"elementor-widget-container\">\n\t\t\t\t\t\t\t\t\t\t\t\t\t\t\t\t<a href=\"https:\/\/vs-durach.de\/wp-content\/uploads\/2021\/11\/Vorlesetag21-scaled.jpg\" data-elementor-open-lightbox=\"yes\" data-elementor-lightbox-title=\"Vorlesetag21\" data-e-action-hash=\"#elementor-action%3Aaction%3Dlightbox%26settings%3DeyJpZCI6MzQ4MywidXJsIjoiaHR0cHM6XC9cL3ZzLWR1cmFjaC5kZVwvd3AtY29udGVudFwvdXBsb2Fkc1wvMjAyMVwvMTFcL1Zvcmxlc2V0YWcyMS1zY2FsZWQuanBnIn0%3D\">\n\t\t\t\t\t\t\t<img fetchpriority=\"high\" decoding=\"async\" width=\"300\" height=\"292\" src=\"https:\/\/vs-durach.de\/wp-content\/uploads\/2021\/11\/Vorlesetag21-300x292.jpg\" class=\"attachment-medium size-medium wp-image-3483\" alt=\"\" srcset=\"https:\/\/vs-durach.de\/wp-content\/uploads\/2021\/11\/Vorlesetag21-300x292.jpg 300w, https:\/\/vs-durach.de\/wp-content\/uploads\/2021\/11\/Vorlesetag21-1024x998.jpg 1024w, https:\/\/vs-durach.de\/wp-content\/uploads\/2021\/11\/Vorlesetag21-768x748.jpg 768w, https:\/\/vs-durach.de\/wp-content\/uploads\/2021\/11\/Vorlesetag21-1536x1497.jpg 1536w, https:\/\/vs-durach.de\/wp-content\/uploads\/2021\/11\/Vorlesetag21-2048x1995.jpg 2048w\" sizes=\"(max-width: 300px) 100vw, 300px\" \/>\t\t\t\t\t\t\t\t<\/a>\n\t\t\t\t\t\t\t\t\t\t\t\t\t\t\t<\/div>\n\t\t\t\t<\/div>\n\t\t\t\t\t<\/div>\n\t\t<\/div>\n\t\t\t\t\t<\/div>\n\t\t<\/section>\n\t\t\t\t<\/div>\n\t\t","protected":false},"excerpt":{"rendered":"<p>Lies mir doch bitte was vor! Am 19. November war der bundesweite Vorlesetag mit dem Motto \u201eFreundschaft und Zusammenhalt\u201c. Dazu haben wir unsere Klasse zusammen mit \u00fcber einer halben Million anderer Teilnehmer zum digitalen Vorleseevent angemeldet. Gleich morgens ging es mit einer kurzen Online-Begr\u00fc\u00dfung der Initiatoren los. Da haben wir etwas dar\u00fcber erfahren, warum Vorlesen&hellip;&nbsp;<a href=\"https:\/\/vs-durach.de\/index.php\/2021\/11\/25\/vorlesetag-in-der-2a\/\" rel=\"bookmark\">Weiterlesen &raquo;<span class=\"screen-reader-text\">Vorlesetag in der 2a<\/span><\/a><\/p>\n","protected":false},"author":8,"featured_media":3483,"comment_status":"closed","ping_status":"open","sticky":false,"template":"","format":"standard","meta":{"neve_meta_sidebar":"","neve_meta_container":"","neve_meta_enable_content_width":"","neve_meta_content_width":0,"neve_meta_title_alignment":"","neve_meta_author_avatar":"","neve_post_elements_order":"","neve_meta_disable_header":"","neve_meta_disable_footer":"","neve_meta_disable_title":"","_themeisle_gutenberg_block_has_review":false,"footnotes":""},"categories":[40],"tags":[],"class_list":["post-3481","post","type-post","status-publish","format-standard","has-post-thumbnail","hentry","category-aktuelles-2021-2022"],"_links":{"self":[{"href":"https:\/\/vs-durach.de\/index.php\/wp-json\/wp\/v2\/posts\/3481","targetHints":{"allow":["GET"]}}],"collection":[{"href":"https:\/\/vs-durach.de\/index.php\/wp-json\/wp\/v2\/posts"}],"about":[{"href":"https:\/\/vs-durach.de\/index.php\/wp-json\/wp\/v2\/types\/post"}],"author":[{"embeddable":true,"href":"https:\/\/vs-durach.de\/index.php\/wp-json\/wp\/v2\/users\/8"}],"replies":[{"embeddable":true,"href":"https:\/\/vs-durach.de\/index.php\/wp-json\/wp\/v2\/comments?post=3481"}],"version-history":[{"count":5,"href":"https:\/\/vs-durach.de\/index.php\/wp-json\/wp\/v2\/posts\/3481\/revisions"}],"predecessor-version":[{"id":3487,"href":"https:\/\/vs-durach.de\/index.php\/wp-json\/wp\/v2\/posts\/3481\/revisions\/3487"}],"wp:featuredmedia":[{"embeddable":true,"href":"https:\/\/vs-durach.de\/index.php\/wp-json\/wp\/v2\/media\/3483"}],"wp:attachment":[{"href":"https:\/\/vs-durach.de\/index.php\/wp-json\/wp\/v2\/media?parent=3481"}],"wp:term":[{"taxonomy":"category","embeddable":true,"href":"https:\/\/vs-durach.de\/index.php\/wp-json\/wp\/v2\/categories?post=3481"},{"taxonomy":"post_tag","embeddable":true,"href":"https:\/\/vs-durach.de\/index.php\/wp-json\/wp\/v2\/tags?post=3481"}],"curies":[{"name":"wp","href":"https:\/\/api.w.org\/{rel}","templated":true}]}}