{"id":3489,"date":"2021-11-30T10:47:00","date_gmt":"2021-11-30T09:47:00","guid":{"rendered":"https:\/\/vs-durach.de\/?p=3489"},"modified":"2021-11-30T10:49:49","modified_gmt":"2021-11-30T09:49:49","slug":"wir-basteln-adventskraenze","status":"publish","type":"post","link":"https:\/\/vs-durach.de\/index.php\/2021\/11\/30\/wir-basteln-adventskraenze\/","title":{"rendered":"Wir basteln Adventskr\u00e4nze"},"content":{"rendered":"\t\t<div data-elementor-type=\"wp-post\" data-elementor-id=\"3489\" class=\"elementor elementor-3489\">\n\t\t\t\t\t\t<section class=\"elementor-section elementor-top-section elementor-element elementor-element-f5487f3 elementor-section-boxed elementor-section-height-default elementor-section-height-default\" data-id=\"f5487f3\" data-element_type=\"section\" data-e-type=\"section\">\n\t\t\t\t\t\t<div class=\"elementor-container elementor-column-gap-default\">\n\t\t\t\t\t<div class=\"elementor-column elementor-col-100 elementor-top-column elementor-element elementor-element-e90c9c7\" data-id=\"e90c9c7\" data-element_type=\"column\" data-e-type=\"column\">\n\t\t\t<div class=\"elementor-widget-wrap elementor-element-populated\">\n\t\t\t\t\t\t<div class=\"elementor-element elementor-element-0b39ba2 elementor-widget elementor-widget-text-editor\" data-id=\"0b39ba2\" data-element_type=\"widget\" data-e-type=\"widget\" data-widget_type=\"text-editor.default\">\n\t\t\t\t<div class=\"elementor-widget-container\">\n\t\t\t\t\t\t\t\t\t<p>Letzte Woche stimmten sich die 2. Klassen auf die bevorstehende Vorweihnachtszeit ein und bastelten ihren eigenen Adventskranz. Gerade in dieser unruhigen Zeit genossen wir es alle sehr, als uns Petra Le Meledo\u2013Heinzelmann in der Schule besuchte, um mit den Kindern zu basteln. Bald schon duftete das ganze Klassenzimmer nach Wald und Natur und alle machten sich mit Feuereifer an die Arbeit, um einen selbstgebundenen Adventskranz entstehen zu lassen. Die Ergebnisse konnten sich sehen lassen. Dank vieler verschiedener \u00c4ste, Beeren, Str\u00e4ucher und Zapfen, die die Eltern mitgeschickt hatten, hielten die stolzen Zweitkl\u00e4ssler bald wahre Kunstwerke in den H\u00e4nden.<\/p><p>Die gem\u00fctliche Weihnachtszeit kann kommen!<\/p>\t\t\t\t\t\t\t\t<\/div>\n\t\t\t\t<\/div>\n\t\t\t\t\t<\/div>\n\t\t<\/div>\n\t\t\t\t\t<\/div>\n\t\t<\/section>\n\t\t\t\t<section class=\"elementor-section elementor-top-section elementor-element elementor-element-4a7f2d5 elementor-section-boxed elementor-section-height-default elementor-section-height-default\" data-id=\"4a7f2d5\" data-element_type=\"section\" data-e-type=\"section\">\n\t\t\t\t\t\t<div class=\"elementor-container elementor-column-gap-default\">\n\t\t\t\t\t<div class=\"elementor-column elementor-col-33 elementor-top-column elementor-element elementor-element-3150cce\" data-id=\"3150cce\" data-element_type=\"column\" data-e-type=\"column\">\n\t\t\t<div class=\"elementor-widget-wrap elementor-element-populated\">\n\t\t\t\t\t\t<div class=\"elementor-element elementor-element-50a4193 elementor-widget elementor-widget-image\" data-id=\"50a4193\" data-element_type=\"widget\" data-e-type=\"widget\" data-widget_type=\"image.default\">\n\t\t\t\t<div class=\"elementor-widget-container\">\n\t\t\t\t\t\t\t\t\t\t\t\t\t\t\t\t<a href=\"https:\/\/vs-durach.de\/wp-content\/uploads\/2021\/11\/IMG_20211123_121445-scaled.jpg\" data-elementor-open-lightbox=\"yes\" data-elementor-lightbox-title=\"IMG_20211123_121445\" data-e-action-hash=\"#elementor-action%3Aaction%3Dlightbox%26settings%3DeyJpZCI6MzQ5MSwidXJsIjoiaHR0cHM6XC9cL3ZzLWR1cmFjaC5kZVwvd3AtY29udGVudFwvdXBsb2Fkc1wvMjAyMVwvMTFcL0lNR18yMDIxMTEyM18xMjE0NDUtc2NhbGVkLmpwZyJ9\">\n\t\t\t\t\t\t\t<img fetchpriority=\"high\" decoding=\"async\" width=\"300\" height=\"225\" src=\"https:\/\/vs-durach.de\/wp-content\/uploads\/2021\/11\/IMG_20211123_121445-300x225.jpg\" class=\"attachment-medium size-medium wp-image-3491\" alt=\"\" srcset=\"https:\/\/vs-durach.de\/wp-content\/uploads\/2021\/11\/IMG_20211123_121445-300x225.jpg 300w, https:\/\/vs-durach.de\/wp-content\/uploads\/2021\/11\/IMG_20211123_121445-1024x768.jpg 1024w, https:\/\/vs-durach.de\/wp-content\/uploads\/2021\/11\/IMG_20211123_121445-768x576.jpg 768w, https:\/\/vs-durach.de\/wp-content\/uploads\/2021\/11\/IMG_20211123_121445-1536x1152.jpg 1536w, https:\/\/vs-durach.de\/wp-content\/uploads\/2021\/11\/IMG_20211123_121445-2048x1536.jpg 2048w, https:\/\/vs-durach.de\/wp-content\/uploads\/2021\/11\/IMG_20211123_121445-285x214.jpg 285w\" sizes=\"(max-width: 300px) 100vw, 300px\" \/>\t\t\t\t\t\t\t\t<\/a>\n\t\t\t\t\t\t\t\t\t\t\t\t\t\t\t<\/div>\n\t\t\t\t<\/div>\n\t\t\t\t\t<\/div>\n\t\t<\/div>\n\t\t\t\t<div class=\"elementor-column elementor-col-33 elementor-top-column elementor-element elementor-element-59fbce4\" data-id=\"59fbce4\" data-element_type=\"column\" data-e-type=\"column\">\n\t\t\t<div class=\"elementor-widget-wrap elementor-element-populated\">\n\t\t\t\t\t\t<div class=\"elementor-element elementor-element-d7c46fe elementor-widget elementor-widget-image\" data-id=\"d7c46fe\" data-element_type=\"widget\" data-e-type=\"widget\" data-widget_type=\"image.default\">\n\t\t\t\t<div class=\"elementor-widget-container\">\n\t\t\t\t\t\t\t\t\t\t\t\t\t\t\t\t<a href=\"https:\/\/vs-durach.de\/wp-content\/uploads\/2021\/11\/IMG_20211123_121455-scaled.jpg\" data-elementor-open-lightbox=\"yes\" data-elementor-lightbox-title=\"IMG_20211123_121455\" data-e-action-hash=\"#elementor-action%3Aaction%3Dlightbox%26settings%3DeyJpZCI6MzQ5MiwidXJsIjoiaHR0cHM6XC9cL3ZzLWR1cmFjaC5kZVwvd3AtY29udGVudFwvdXBsb2Fkc1wvMjAyMVwvMTFcL0lNR18yMDIxMTEyM18xMjE0NTUtc2NhbGVkLmpwZyJ9\">\n\t\t\t\t\t\t\t<img decoding=\"async\" width=\"300\" height=\"225\" src=\"https:\/\/vs-durach.de\/wp-content\/uploads\/2021\/11\/IMG_20211123_121455-300x225.jpg\" class=\"attachment-medium size-medium wp-image-3492\" alt=\"\" srcset=\"https:\/\/vs-durach.de\/wp-content\/uploads\/2021\/11\/IMG_20211123_121455-300x225.jpg 300w, https:\/\/vs-durach.de\/wp-content\/uploads\/2021\/11\/IMG_20211123_121455-1024x768.jpg 1024w, https:\/\/vs-durach.de\/wp-content\/uploads\/2021\/11\/IMG_20211123_121455-768x576.jpg 768w, https:\/\/vs-durach.de\/wp-content\/uploads\/2021\/11\/IMG_20211123_121455-1536x1152.jpg 1536w, https:\/\/vs-durach.de\/wp-content\/uploads\/2021\/11\/IMG_20211123_121455-2048x1536.jpg 2048w, https:\/\/vs-durach.de\/wp-content\/uploads\/2021\/11\/IMG_20211123_121455-285x214.jpg 285w\" sizes=\"(max-width: 300px) 100vw, 300px\" \/>\t\t\t\t\t\t\t\t<\/a>\n\t\t\t\t\t\t\t\t\t\t\t\t\t\t\t<\/div>\n\t\t\t\t<\/div>\n\t\t\t\t\t<\/div>\n\t\t<\/div>\n\t\t\t\t<div class=\"elementor-column elementor-col-33 elementor-top-column elementor-element elementor-element-937d1ff\" data-id=\"937d1ff\" data-element_type=\"column\" data-e-type=\"column\">\n\t\t\t<div class=\"elementor-widget-wrap elementor-element-populated\">\n\t\t\t\t\t\t<div class=\"elementor-element elementor-element-bef54d4 elementor-widget elementor-widget-image\" data-id=\"bef54d4\" data-element_type=\"widget\" data-e-type=\"widget\" data-widget_type=\"image.default\">\n\t\t\t\t<div class=\"elementor-widget-container\">\n\t\t\t\t\t\t\t\t\t\t\t\t\t\t\t\t<a href=\"https:\/\/vs-durach.de\/wp-content\/uploads\/2021\/11\/IMG_20211123_121512-scaled.jpg\" data-elementor-open-lightbox=\"yes\" data-elementor-lightbox-title=\"IMG_20211123_121512\" data-e-action-hash=\"#elementor-action%3Aaction%3Dlightbox%26settings%3DeyJpZCI6MzQ5MywidXJsIjoiaHR0cHM6XC9cL3ZzLWR1cmFjaC5kZVwvd3AtY29udGVudFwvdXBsb2Fkc1wvMjAyMVwvMTFcL0lNR18yMDIxMTEyM18xMjE1MTItc2NhbGVkLmpwZyJ9\">\n\t\t\t\t\t\t\t<img decoding=\"async\" width=\"768\" height=\"576\" src=\"https:\/\/vs-durach.de\/wp-content\/uploads\/2021\/11\/IMG_20211123_121512-768x576.jpg\" class=\"attachment-medium_large size-medium_large wp-image-3493\" alt=\"\" srcset=\"https:\/\/vs-durach.de\/wp-content\/uploads\/2021\/11\/IMG_20211123_121512-768x576.jpg 768w, https:\/\/vs-durach.de\/wp-content\/uploads\/2021\/11\/IMG_20211123_121512-300x225.jpg 300w, https:\/\/vs-durach.de\/wp-content\/uploads\/2021\/11\/IMG_20211123_121512-1024x768.jpg 1024w, https:\/\/vs-durach.de\/wp-content\/uploads\/2021\/11\/IMG_20211123_121512-1536x1152.jpg 1536w, https:\/\/vs-durach.de\/wp-content\/uploads\/2021\/11\/IMG_20211123_121512-2048x1536.jpg 2048w, https:\/\/vs-durach.de\/wp-content\/uploads\/2021\/11\/IMG_20211123_121512-285x214.jpg 285w\" sizes=\"(max-width: 768px) 100vw, 768px\" \/>\t\t\t\t\t\t\t\t<\/a>\n\t\t\t\t\t\t\t\t\t\t\t\t\t\t\t<\/div>\n\t\t\t\t<\/div>\n\t\t\t\t\t<\/div>\n\t\t<\/div>\n\t\t\t\t\t<\/div>\n\t\t<\/section>\n\t\t\t\t<\/div>\n\t\t","protected":false},"excerpt":{"rendered":"<p>Letzte Woche stimmten sich die 2. Klassen auf die bevorstehende Vorweihnachtszeit ein und bastelten ihren eigenen Adventskranz. Gerade in dieser unruhigen Zeit genossen wir es alle sehr, als uns Petra Le Meledo\u2013Heinzelmann in der Schule besuchte, um mit den Kindern zu basteln. Bald schon duftete das ganze Klassenzimmer nach Wald und Natur und alle machten&hellip;&nbsp;<a href=\"https:\/\/vs-durach.de\/index.php\/2021\/11\/30\/wir-basteln-adventskraenze\/\" rel=\"bookmark\">Weiterlesen &raquo;<span class=\"screen-reader-text\">Wir basteln Adventskr\u00e4nze<\/span><\/a><\/p>\n","protected":false},"author":8,"featured_media":3493,"comment_status":"closed","ping_status":"open","sticky":false,"template":"","format":"standard","meta":{"neve_meta_sidebar":"","neve_meta_container":"","neve_meta_enable_content_width":"","neve_meta_content_width":0,"neve_meta_title_alignment":"","neve_meta_author_avatar":"","neve_post_elements_order":"","neve_meta_disable_header":"","neve_meta_disable_footer":"","neve_meta_disable_title":"","_themeisle_gutenberg_block_has_review":false,"footnotes":""},"categories":[40],"tags":[],"class_list":["post-3489","post","type-post","status-publish","format-standard","has-post-thumbnail","hentry","category-aktuelles-2021-2022"],"_links":{"self":[{"href":"https:\/\/vs-durach.de\/index.php\/wp-json\/wp\/v2\/posts\/3489","targetHints":{"allow":["GET"]}}],"collection":[{"href":"https:\/\/vs-durach.de\/index.php\/wp-json\/wp\/v2\/posts"}],"about":[{"href":"https:\/\/vs-durach.de\/index.php\/wp-json\/wp\/v2\/types\/post"}],"author":[{"embeddable":true,"href":"https:\/\/vs-durach.de\/index.php\/wp-json\/wp\/v2\/users\/8"}],"replies":[{"embeddable":true,"href":"https:\/\/vs-durach.de\/index.php\/wp-json\/wp\/v2\/comments?post=3489"}],"version-history":[{"count":5,"href":"https:\/\/vs-durach.de\/index.php\/wp-json\/wp\/v2\/posts\/3489\/revisions"}],"predecessor-version":[{"id":3497,"href":"https:\/\/vs-durach.de\/index.php\/wp-json\/wp\/v2\/posts\/3489\/revisions\/3497"}],"wp:featuredmedia":[{"embeddable":true,"href":"https:\/\/vs-durach.de\/index.php\/wp-json\/wp\/v2\/media\/3493"}],"wp:attachment":[{"href":"https:\/\/vs-durach.de\/index.php\/wp-json\/wp\/v2\/media?parent=3489"}],"wp:term":[{"taxonomy":"category","embeddable":true,"href":"https:\/\/vs-durach.de\/index.php\/wp-json\/wp\/v2\/categories?post=3489"},{"taxonomy":"post_tag","embeddable":true,"href":"https:\/\/vs-durach.de\/index.php\/wp-json\/wp\/v2\/tags?post=3489"}],"curies":[{"name":"wp","href":"https:\/\/api.w.org\/{rel}","templated":true}]}}