{"id":3604,"date":"2022-01-10T12:51:48","date_gmt":"2022-01-10T11:51:48","guid":{"rendered":"https:\/\/vs-durach.de\/?p=3604"},"modified":"2022-01-11T14:12:24","modified_gmt":"2022-01-11T13:12:24","slug":"waldweihnacht-der-klasse-3c","status":"publish","type":"post","link":"https:\/\/vs-durach.de\/index.php\/2022\/01\/10\/waldweihnacht-der-klasse-3c\/","title":{"rendered":"Waldweihnacht der Klasse 3c"},"content":{"rendered":"\t\t<div data-elementor-type=\"wp-post\" data-elementor-id=\"3604\" class=\"elementor elementor-3604\">\n\t\t\t\t\t\t<section class=\"elementor-section elementor-top-section elementor-element elementor-element-abecea6 elementor-section-boxed elementor-section-height-default elementor-section-height-default\" data-id=\"abecea6\" data-element_type=\"section\" data-e-type=\"section\">\n\t\t\t\t\t\t<div class=\"elementor-container elementor-column-gap-default\">\n\t\t\t\t\t<div class=\"elementor-column elementor-col-100 elementor-top-column elementor-element elementor-element-7c6721d\" data-id=\"7c6721d\" data-element_type=\"column\" data-e-type=\"column\">\n\t\t\t<div class=\"elementor-widget-wrap elementor-element-populated\">\n\t\t\t\t\t\t<div class=\"elementor-element elementor-element-99fd169 elementor-widget elementor-widget-text-editor\" data-id=\"99fd169\" data-element_type=\"widget\" data-e-type=\"widget\" data-widget_type=\"text-editor.default\">\n\t\t\t\t<div class=\"elementor-widget-container\">\n\t\t\t\t\t\t\t\t\t<p>Am letzten Schultag vor den Weihnachtsferien spazierten die Kinder in den Duracher Wald. Dort \u00fcberraschte das Christkind mit einer kleinen Schnitzeljagd. Diese f\u00fchrte zu einem geschm\u00fcckten Christbaum, mitten im Wald.<\/p><p>Nachdem die Sch\u00fclerinnen und Sch\u00fcler ihre selbstgebastelten Christbaumkugeln dazu hingen, wurden gemeinsam Lieder gesungen, Geschichten vorgelesen und anschlie\u00dfend die Geschenke ausgepackt.<\/p><p>Auch das Toben in Eis und Schnee kam f\u00fcr die Klasse nicht zu kurz. Frisch gest\u00e4rkt mit Punsch und Pl\u00e4tzchen wanderten alle wieder zur\u00fcck und freuen sich nun auf ein besinnliches Weihnachtsfest und erholsame Ferien mit einem guten Rutsch ins neue Jahr!<\/p>\t\t\t\t\t\t\t\t<\/div>\n\t\t\t\t<\/div>\n\t\t\t\t\t<\/div>\n\t\t<\/div>\n\t\t\t\t\t<\/div>\n\t\t<\/section>\n\t\t\t\t<section class=\"elementor-section elementor-top-section elementor-element elementor-element-d03a786 elementor-section-boxed elementor-section-height-default elementor-section-height-default\" data-id=\"d03a786\" data-element_type=\"section\" data-e-type=\"section\">\n\t\t\t\t\t\t<div class=\"elementor-container elementor-column-gap-default\">\n\t\t\t\t\t<div class=\"elementor-column elementor-col-33 elementor-top-column elementor-element elementor-element-425e861\" data-id=\"425e861\" data-element_type=\"column\" data-e-type=\"column\">\n\t\t\t<div class=\"elementor-widget-wrap elementor-element-populated\">\n\t\t\t\t\t\t<div class=\"elementor-element elementor-element-c6c7d72 elementor-widget elementor-widget-image\" data-id=\"c6c7d72\" data-element_type=\"widget\" data-e-type=\"widget\" data-widget_type=\"image.default\">\n\t\t\t\t<div class=\"elementor-widget-container\">\n\t\t\t\t\t\t\t\t\t\t\t\t\t\t\t\t<a href=\"https:\/\/vs-durach.de\/wp-content\/uploads\/2022\/01\/IMG_8504-scaled.jpg\" data-elementor-open-lightbox=\"yes\" data-elementor-lightbox-title=\"IMG_8504\" data-e-action-hash=\"#elementor-action%3Aaction%3Dlightbox%26settings%3DeyJpZCI6MzYxMSwidXJsIjoiaHR0cHM6XC9cL3ZzLWR1cmFjaC5kZVwvd3AtY29udGVudFwvdXBsb2Fkc1wvMjAyMlwvMDFcL0lNR184NTA0LXNjYWxlZC5qcGcifQ%3D%3D\">\n\t\t\t\t\t\t\t<img fetchpriority=\"high\" decoding=\"async\" width=\"300\" height=\"225\" src=\"https:\/\/vs-durach.de\/wp-content\/uploads\/2022\/01\/IMG_8504-300x225.jpg\" class=\"attachment-medium size-medium wp-image-3611\" alt=\"\" srcset=\"https:\/\/vs-durach.de\/wp-content\/uploads\/2022\/01\/IMG_8504-300x225.jpg 300w, https:\/\/vs-durach.de\/wp-content\/uploads\/2022\/01\/IMG_8504-1024x768.jpg 1024w, https:\/\/vs-durach.de\/wp-content\/uploads\/2022\/01\/IMG_8504-768x576.jpg 768w, https:\/\/vs-durach.de\/wp-content\/uploads\/2022\/01\/IMG_8504-1536x1152.jpg 1536w, https:\/\/vs-durach.de\/wp-content\/uploads\/2022\/01\/IMG_8504-2048x1536.jpg 2048w, https:\/\/vs-durach.de\/wp-content\/uploads\/2022\/01\/IMG_8504-285x214.jpg 285w\" sizes=\"(max-width: 300px) 100vw, 300px\" \/>\t\t\t\t\t\t\t\t<\/a>\n\t\t\t\t\t\t\t\t\t\t\t\t\t\t\t<\/div>\n\t\t\t\t<\/div>\n\t\t\t\t\t<\/div>\n\t\t<\/div>\n\t\t\t\t<div class=\"elementor-column elementor-col-33 elementor-top-column elementor-element elementor-element-762081c\" data-id=\"762081c\" data-element_type=\"column\" data-e-type=\"column\">\n\t\t\t<div class=\"elementor-widget-wrap elementor-element-populated\">\n\t\t\t\t\t\t<div class=\"elementor-element elementor-element-28ea4a7 elementor-widget elementor-widget-image\" data-id=\"28ea4a7\" data-element_type=\"widget\" data-e-type=\"widget\" data-widget_type=\"image.default\">\n\t\t\t\t<div class=\"elementor-widget-container\">\n\t\t\t\t\t\t\t\t\t\t\t\t\t\t\t\t<a href=\"https:\/\/vs-durach.de\/wp-content\/uploads\/2022\/01\/IMG_8507-scaled.jpg\" data-elementor-open-lightbox=\"yes\" data-elementor-lightbox-title=\"IMG_8507\" data-e-action-hash=\"#elementor-action%3Aaction%3Dlightbox%26settings%3DeyJpZCI6MzYxMiwidXJsIjoiaHR0cHM6XC9cL3ZzLWR1cmFjaC5kZVwvd3AtY29udGVudFwvdXBsb2Fkc1wvMjAyMlwvMDFcL0lNR184NTA3LXNjYWxlZC5qcGcifQ%3D%3D\">\n\t\t\t\t\t\t\t<img decoding=\"async\" width=\"300\" height=\"225\" src=\"https:\/\/vs-durach.de\/wp-content\/uploads\/2022\/01\/IMG_8507-300x225.jpg\" class=\"attachment-medium size-medium wp-image-3612\" alt=\"\" srcset=\"https:\/\/vs-durach.de\/wp-content\/uploads\/2022\/01\/IMG_8507-300x225.jpg 300w, https:\/\/vs-durach.de\/wp-content\/uploads\/2022\/01\/IMG_8507-1024x768.jpg 1024w, https:\/\/vs-durach.de\/wp-content\/uploads\/2022\/01\/IMG_8507-768x576.jpg 768w, https:\/\/vs-durach.de\/wp-content\/uploads\/2022\/01\/IMG_8507-1536x1152.jpg 1536w, https:\/\/vs-durach.de\/wp-content\/uploads\/2022\/01\/IMG_8507-2048x1536.jpg 2048w, https:\/\/vs-durach.de\/wp-content\/uploads\/2022\/01\/IMG_8507-285x214.jpg 285w\" sizes=\"(max-width: 300px) 100vw, 300px\" \/>\t\t\t\t\t\t\t\t<\/a>\n\t\t\t\t\t\t\t\t\t\t\t\t\t\t\t<\/div>\n\t\t\t\t<\/div>\n\t\t\t\t\t<\/div>\n\t\t<\/div>\n\t\t\t\t<div class=\"elementor-column elementor-col-33 elementor-top-column elementor-element elementor-element-214c082\" data-id=\"214c082\" data-element_type=\"column\" data-e-type=\"column\">\n\t\t\t<div class=\"elementor-widget-wrap elementor-element-populated\">\n\t\t\t\t\t\t<div class=\"elementor-element elementor-element-2f542ef elementor-widget elementor-widget-image\" data-id=\"2f542ef\" data-element_type=\"widget\" data-e-type=\"widget\" data-widget_type=\"image.default\">\n\t\t\t\t<div class=\"elementor-widget-container\">\n\t\t\t\t\t\t\t\t\t\t\t\t\t\t\t\t<a href=\"https:\/\/vs-durach.de\/wp-content\/uploads\/2022\/01\/IMG_8510-scaled.jpg\" data-elementor-open-lightbox=\"yes\" data-elementor-lightbox-title=\"IMG_8510\" data-e-action-hash=\"#elementor-action%3Aaction%3Dlightbox%26settings%3DeyJpZCI6MzYxNCwidXJsIjoiaHR0cHM6XC9cL3ZzLWR1cmFjaC5kZVwvd3AtY29udGVudFwvdXBsb2Fkc1wvMjAyMlwvMDFcL0lNR184NTEwLXNjYWxlZC5qcGcifQ%3D%3D\">\n\t\t\t\t\t\t\t<img decoding=\"async\" width=\"300\" height=\"225\" src=\"https:\/\/vs-durach.de\/wp-content\/uploads\/2022\/01\/IMG_8510-300x225.jpg\" class=\"attachment-medium size-medium wp-image-3614\" alt=\"\" srcset=\"https:\/\/vs-durach.de\/wp-content\/uploads\/2022\/01\/IMG_8510-300x225.jpg 300w, https:\/\/vs-durach.de\/wp-content\/uploads\/2022\/01\/IMG_8510-1024x768.jpg 1024w, https:\/\/vs-durach.de\/wp-content\/uploads\/2022\/01\/IMG_8510-768x576.jpg 768w, https:\/\/vs-durach.de\/wp-content\/uploads\/2022\/01\/IMG_8510-1536x1152.jpg 1536w, https:\/\/vs-durach.de\/wp-content\/uploads\/2022\/01\/IMG_8510-2048x1536.jpg 2048w, https:\/\/vs-durach.de\/wp-content\/uploads\/2022\/01\/IMG_8510-285x214.jpg 285w\" sizes=\"(max-width: 300px) 100vw, 300px\" \/>\t\t\t\t\t\t\t\t<\/a>\n\t\t\t\t\t\t\t\t\t\t\t\t\t\t\t<\/div>\n\t\t\t\t<\/div>\n\t\t\t\t\t<\/div>\n\t\t<\/div>\n\t\t\t\t\t<\/div>\n\t\t<\/section>\n\t\t\t\t<section class=\"elementor-section elementor-top-section elementor-element elementor-element-7391f71 elementor-section-boxed elementor-section-height-default elementor-section-height-default\" data-id=\"7391f71\" data-element_type=\"section\" data-e-type=\"section\">\n\t\t\t\t\t\t<div class=\"elementor-container elementor-column-gap-default\">\n\t\t\t\t\t<div class=\"elementor-column elementor-col-100 elementor-top-column elementor-element elementor-element-e99c485\" data-id=\"e99c485\" data-element_type=\"column\" data-e-type=\"column\">\n\t\t\t<div class=\"elementor-widget-wrap elementor-element-populated\">\n\t\t\t\t\t\t<div class=\"elementor-element elementor-element-50fe459 elementor-widget elementor-widget-image\" data-id=\"50fe459\" data-element_type=\"widget\" data-e-type=\"widget\" data-widget_type=\"image.default\">\n\t\t\t\t<div class=\"elementor-widget-container\">\n\t\t\t\t\t\t\t\t\t\t\t\t\t\t\t\t<a href=\"https:\/\/vs-durach.de\/wp-content\/uploads\/2022\/01\/IMG_8520-scaled.jpg\" data-elementor-open-lightbox=\"yes\" data-elementor-lightbox-title=\"IMG_8520\" data-e-action-hash=\"#elementor-action%3Aaction%3Dlightbox%26settings%3DeyJpZCI6MzYxNSwidXJsIjoiaHR0cHM6XC9cL3ZzLWR1cmFjaC5kZVwvd3AtY29udGVudFwvdXBsb2Fkc1wvMjAyMlwvMDFcL0lNR184NTIwLXNjYWxlZC5qcGcifQ%3D%3D\">\n\t\t\t\t\t\t\t<img loading=\"lazy\" decoding=\"async\" width=\"300\" height=\"225\" src=\"https:\/\/vs-durach.de\/wp-content\/uploads\/2022\/01\/IMG_8520-300x225.jpg\" class=\"attachment-medium size-medium wp-image-3615\" alt=\"\" srcset=\"https:\/\/vs-durach.de\/wp-content\/uploads\/2022\/01\/IMG_8520-300x225.jpg 300w, https:\/\/vs-durach.de\/wp-content\/uploads\/2022\/01\/IMG_8520-1024x768.jpg 1024w, https:\/\/vs-durach.de\/wp-content\/uploads\/2022\/01\/IMG_8520-768x576.jpg 768w, https:\/\/vs-durach.de\/wp-content\/uploads\/2022\/01\/IMG_8520-1536x1152.jpg 1536w, https:\/\/vs-durach.de\/wp-content\/uploads\/2022\/01\/IMG_8520-2048x1536.jpg 2048w, https:\/\/vs-durach.de\/wp-content\/uploads\/2022\/01\/IMG_8520-285x214.jpg 285w\" sizes=\"(max-width: 300px) 100vw, 300px\" \/>\t\t\t\t\t\t\t\t<\/a>\n\t\t\t\t\t\t\t\t\t\t\t\t\t\t\t<\/div>\n\t\t\t\t<\/div>\n\t\t\t\t\t<\/div>\n\t\t<\/div>\n\t\t\t\t\t<\/div>\n\t\t<\/section>\n\t\t\t\t<\/div>\n\t\t","protected":false},"excerpt":{"rendered":"<p>Am letzten Schultag vor den Weihnachtsferien spazierten die Kinder in den Duracher Wald. Dort \u00fcberraschte das Christkind mit einer kleinen Schnitzeljagd. Diese f\u00fchrte zu einem geschm\u00fcckten Christbaum, mitten im Wald. Nachdem die Sch\u00fclerinnen und Sch\u00fcler ihre selbstgebastelten Christbaumkugeln dazu hingen, wurden gemeinsam Lieder gesungen, Geschichten vorgelesen und anschlie\u00dfend die Geschenke ausgepackt. Auch das Toben in&hellip;&nbsp;<a href=\"https:\/\/vs-durach.de\/index.php\/2022\/01\/10\/waldweihnacht-der-klasse-3c\/\" rel=\"bookmark\">Weiterlesen &raquo;<span class=\"screen-reader-text\">Waldweihnacht der Klasse 3c<\/span><\/a><\/p>\n","protected":false},"author":8,"featured_media":3615,"comment_status":"closed","ping_status":"open","sticky":false,"template":"","format":"standard","meta":{"neve_meta_sidebar":"","neve_meta_container":"","neve_meta_enable_content_width":"","neve_meta_content_width":0,"neve_meta_title_alignment":"","neve_meta_author_avatar":"","neve_post_elements_order":"","neve_meta_disable_header":"","neve_meta_disable_footer":"","neve_meta_disable_title":"","_themeisle_gutenberg_block_has_review":false,"footnotes":""},"categories":[40],"tags":[],"class_list":["post-3604","post","type-post","status-publish","format-standard","has-post-thumbnail","hentry","category-aktuelles-2021-2022"],"_links":{"self":[{"href":"https:\/\/vs-durach.de\/index.php\/wp-json\/wp\/v2\/posts\/3604","targetHints":{"allow":["GET"]}}],"collection":[{"href":"https:\/\/vs-durach.de\/index.php\/wp-json\/wp\/v2\/posts"}],"about":[{"href":"https:\/\/vs-durach.de\/index.php\/wp-json\/wp\/v2\/types\/post"}],"author":[{"embeddable":true,"href":"https:\/\/vs-durach.de\/index.php\/wp-json\/wp\/v2\/users\/8"}],"replies":[{"embeddable":true,"href":"https:\/\/vs-durach.de\/index.php\/wp-json\/wp\/v2\/comments?post=3604"}],"version-history":[{"count":9,"href":"https:\/\/vs-durach.de\/index.php\/wp-json\/wp\/v2\/posts\/3604\/revisions"}],"predecessor-version":[{"id":3619,"href":"https:\/\/vs-durach.de\/index.php\/wp-json\/wp\/v2\/posts\/3604\/revisions\/3619"}],"wp:featuredmedia":[{"embeddable":true,"href":"https:\/\/vs-durach.de\/index.php\/wp-json\/wp\/v2\/media\/3615"}],"wp:attachment":[{"href":"https:\/\/vs-durach.de\/index.php\/wp-json\/wp\/v2\/media?parent=3604"}],"wp:term":[{"taxonomy":"category","embeddable":true,"href":"https:\/\/vs-durach.de\/index.php\/wp-json\/wp\/v2\/categories?post=3604"},{"taxonomy":"post_tag","embeddable":true,"href":"https:\/\/vs-durach.de\/index.php\/wp-json\/wp\/v2\/tags?post=3604"}],"curies":[{"name":"wp","href":"https:\/\/api.w.org\/{rel}","templated":true}]}}