{"id":3739,"date":"2022-05-03T08:15:32","date_gmt":"2022-05-03T06:15:32","guid":{"rendered":"https:\/\/vs-durach.de\/?p=3739"},"modified":"2022-05-03T08:18:51","modified_gmt":"2022-05-03T06:18:51","slug":"erste-schulluft-schnuppern-2","status":"publish","type":"post","link":"https:\/\/vs-durach.de\/index.php\/2022\/05\/03\/erste-schulluft-schnuppern-2\/","title":{"rendered":"Erste Schulluft schnuppern"},"content":{"rendered":"\t\t<div data-elementor-type=\"wp-post\" data-elementor-id=\"3739\" class=\"elementor elementor-3739\">\n\t\t\t\t\t\t<section class=\"elementor-section elementor-top-section elementor-element elementor-element-4383dd7 elementor-section-boxed elementor-section-height-default elementor-section-height-default\" data-id=\"4383dd7\" data-element_type=\"section\" data-e-type=\"section\">\n\t\t\t\t\t\t<div class=\"elementor-container elementor-column-gap-default\">\n\t\t\t\t\t<div class=\"elementor-column elementor-col-33 elementor-top-column elementor-element elementor-element-e1d7b52\" data-id=\"e1d7b52\" data-element_type=\"column\" data-e-type=\"column\">\n\t\t\t<div class=\"elementor-widget-wrap elementor-element-populated\">\n\t\t\t\t\t\t<div class=\"elementor-element elementor-element-7a5df4d elementor-widget elementor-widget-image\" data-id=\"7a5df4d\" data-element_type=\"widget\" data-e-type=\"widget\" data-widget_type=\"image.default\">\n\t\t\t\t<div class=\"elementor-widget-container\">\n\t\t\t\t\t\t\t\t\t\t\t\t\t\t\t\t<a href=\"https:\/\/vs-durach.de\/wp-content\/uploads\/2022\/05\/IMG-20220427-WA0000.jpg\" data-elementor-open-lightbox=\"yes\" data-elementor-lightbox-title=\"IMG-20220427-WA0000\" data-e-action-hash=\"#elementor-action%3Aaction%3Dlightbox%26settings%3DeyJpZCI6Mzc0MSwidXJsIjoiaHR0cHM6XC9cL3ZzLWR1cmFjaC5kZVwvd3AtY29udGVudFwvdXBsb2Fkc1wvMjAyMlwvMDVcL0lNRy0yMDIyMDQyNy1XQTAwMDAuanBnIn0%3D\">\n\t\t\t\t\t\t\t<img fetchpriority=\"high\" decoding=\"async\" width=\"300\" height=\"169\" src=\"https:\/\/vs-durach.de\/wp-content\/uploads\/2022\/05\/IMG-20220427-WA0000-300x169.jpg\" class=\"attachment-medium size-medium wp-image-3741\" alt=\"\" srcset=\"https:\/\/vs-durach.de\/wp-content\/uploads\/2022\/05\/IMG-20220427-WA0000-300x169.jpg 300w, https:\/\/vs-durach.de\/wp-content\/uploads\/2022\/05\/IMG-20220427-WA0000-1024x576.jpg 1024w, https:\/\/vs-durach.de\/wp-content\/uploads\/2022\/05\/IMG-20220427-WA0000-768x432.jpg 768w, https:\/\/vs-durach.de\/wp-content\/uploads\/2022\/05\/IMG-20220427-WA0000-1536x864.jpg 1536w, https:\/\/vs-durach.de\/wp-content\/uploads\/2022\/05\/IMG-20220427-WA0000.jpg 1600w\" sizes=\"(max-width: 300px) 100vw, 300px\" \/>\t\t\t\t\t\t\t\t<\/a>\n\t\t\t\t\t\t\t\t\t\t\t\t\t\t\t<\/div>\n\t\t\t\t<\/div>\n\t\t\t\t\t<\/div>\n\t\t<\/div>\n\t\t\t\t<div class=\"elementor-column elementor-col-33 elementor-top-column elementor-element elementor-element-c9d4a2d\" data-id=\"c9d4a2d\" data-element_type=\"column\" data-e-type=\"column\">\n\t\t\t<div class=\"elementor-widget-wrap elementor-element-populated\">\n\t\t\t\t\t\t<div class=\"elementor-element elementor-element-9b06544 elementor-widget elementor-widget-image\" data-id=\"9b06544\" data-element_type=\"widget\" data-e-type=\"widget\" data-widget_type=\"image.default\">\n\t\t\t\t<div class=\"elementor-widget-container\">\n\t\t\t\t\t\t\t\t\t\t\t\t\t\t\t\t<a href=\"https:\/\/vs-durach.de\/wp-content\/uploads\/2022\/05\/IMG-20220427-WA0001.jpg\" data-elementor-open-lightbox=\"yes\" data-elementor-lightbox-title=\"IMG-20220427-WA0001\" data-e-action-hash=\"#elementor-action%3Aaction%3Dlightbox%26settings%3DeyJpZCI6Mzc0MiwidXJsIjoiaHR0cHM6XC9cL3ZzLWR1cmFjaC5kZVwvd3AtY29udGVudFwvdXBsb2Fkc1wvMjAyMlwvMDVcL0lNRy0yMDIyMDQyNy1XQTAwMDEuanBnIn0%3D\">\n\t\t\t\t\t\t\t<img decoding=\"async\" width=\"169\" height=\"300\" src=\"https:\/\/vs-durach.de\/wp-content\/uploads\/2022\/05\/IMG-20220427-WA0001-169x300.jpg\" class=\"attachment-medium size-medium wp-image-3742\" alt=\"\" srcset=\"https:\/\/vs-durach.de\/wp-content\/uploads\/2022\/05\/IMG-20220427-WA0001-169x300.jpg 169w, https:\/\/vs-durach.de\/wp-content\/uploads\/2022\/05\/IMG-20220427-WA0001-576x1024.jpg 576w, https:\/\/vs-durach.de\/wp-content\/uploads\/2022\/05\/IMG-20220427-WA0001-768x1365.jpg 768w, https:\/\/vs-durach.de\/wp-content\/uploads\/2022\/05\/IMG-20220427-WA0001-864x1536.jpg 864w, https:\/\/vs-durach.de\/wp-content\/uploads\/2022\/05\/IMG-20220427-WA0001.jpg 900w\" sizes=\"(max-width: 169px) 100vw, 169px\" \/>\t\t\t\t\t\t\t\t<\/a>\n\t\t\t\t\t\t\t\t\t\t\t\t\t\t\t<\/div>\n\t\t\t\t<\/div>\n\t\t\t\t\t<\/div>\n\t\t<\/div>\n\t\t\t\t<div class=\"elementor-column elementor-col-33 elementor-top-column elementor-element elementor-element-d8cf2de\" data-id=\"d8cf2de\" data-element_type=\"column\" data-e-type=\"column\">\n\t\t\t<div class=\"elementor-widget-wrap elementor-element-populated\">\n\t\t\t\t\t\t<div class=\"elementor-element elementor-element-d1e32de elementor-widget elementor-widget-image\" data-id=\"d1e32de\" data-element_type=\"widget\" data-e-type=\"widget\" data-widget_type=\"image.default\">\n\t\t\t\t<div class=\"elementor-widget-container\">\n\t\t\t\t\t\t\t\t\t\t\t\t\t\t\t\t<a href=\"https:\/\/vs-durach.de\/wp-content\/uploads\/2022\/05\/IMG-20220427-WA0003.jpg\" data-elementor-open-lightbox=\"yes\" data-elementor-lightbox-title=\"IMG-20220427-WA0003\" data-e-action-hash=\"#elementor-action%3Aaction%3Dlightbox%26settings%3DeyJpZCI6Mzc0MywidXJsIjoiaHR0cHM6XC9cL3ZzLWR1cmFjaC5kZVwvd3AtY29udGVudFwvdXBsb2Fkc1wvMjAyMlwvMDVcL0lNRy0yMDIyMDQyNy1XQTAwMDMuanBnIn0%3D\">\n\t\t\t\t\t\t\t<img decoding=\"async\" width=\"300\" height=\"169\" src=\"https:\/\/vs-durach.de\/wp-content\/uploads\/2022\/05\/IMG-20220427-WA0003-300x169.jpg\" class=\"attachment-medium size-medium wp-image-3743\" alt=\"\" srcset=\"https:\/\/vs-durach.de\/wp-content\/uploads\/2022\/05\/IMG-20220427-WA0003-300x169.jpg 300w, https:\/\/vs-durach.de\/wp-content\/uploads\/2022\/05\/IMG-20220427-WA0003-1024x576.jpg 1024w, https:\/\/vs-durach.de\/wp-content\/uploads\/2022\/05\/IMG-20220427-WA0003-768x432.jpg 768w, https:\/\/vs-durach.de\/wp-content\/uploads\/2022\/05\/IMG-20220427-WA0003-1536x864.jpg 1536w, https:\/\/vs-durach.de\/wp-content\/uploads\/2022\/05\/IMG-20220427-WA0003.jpg 1600w\" sizes=\"(max-width: 300px) 100vw, 300px\" \/>\t\t\t\t\t\t\t\t<\/a>\n\t\t\t\t\t\t\t\t\t\t\t\t\t\t\t<\/div>\n\t\t\t\t<\/div>\n\t\t\t\t\t<\/div>\n\t\t<\/div>\n\t\t\t\t\t<\/div>\n\t\t<\/section>\n\t\t\t\t<section class=\"elementor-section elementor-top-section elementor-element elementor-element-d605e7e elementor-section-boxed elementor-section-height-default elementor-section-height-default\" data-id=\"d605e7e\" data-element_type=\"section\" data-e-type=\"section\">\n\t\t\t\t\t\t<div class=\"elementor-container elementor-column-gap-default\">\n\t\t\t\t\t<div class=\"elementor-column elementor-col-100 elementor-top-column elementor-element elementor-element-313d919\" data-id=\"313d919\" data-element_type=\"column\" data-e-type=\"column\">\n\t\t\t<div class=\"elementor-widget-wrap elementor-element-populated\">\n\t\t\t\t\t\t<div class=\"elementor-element elementor-element-612f2f0 elementor-widget elementor-widget-text-editor\" data-id=\"612f2f0\" data-element_type=\"widget\" data-e-type=\"widget\" data-widget_type=\"text-editor.default\">\n\t\t\t\t<div class=\"elementor-widget-container\">\n\t\t\t\t\t\t\t\t\t<p>Endlich lie\u00dfen es die Coronaregeln wieder zu und wir durften uns in der Schule mit einigen Duracher Kinderh\u00e4usern zum gemeinsamen Basteln treffen.<\/p><p>Die ersten und zweiten Klassen rutschten zusammen, um die Vorschulkinder in ihren Reihen aufzunehmen und gemeinsam sch\u00f6ne, bunte Muttertagskarten zu basteln. Alle hatten viel Freude daran und so entstand wie selbstverst\u00e4ndlich ein Miteinander, ein sich Unterst\u00fctzen und sich n\u00e4her Kennenlernen.<\/p><p>Schon bald verloren die Kindergartenkinder die Scheu und gestalteten und klebten voller Eifer.<\/p><p>Vielen Dank, dass ihr uns wieder besucht habt, wir freuen uns schon auf die Schulhausrallye im Sommer!<\/p><p>Kathrin Eggensperger, Klassenleiterin 2c<\/p>\t\t\t\t\t\t\t\t<\/div>\n\t\t\t\t<\/div>\n\t\t\t\t\t<\/div>\n\t\t<\/div>\n\t\t\t\t\t<\/div>\n\t\t<\/section>\n\t\t\t\t<\/div>\n\t\t","protected":false},"excerpt":{"rendered":"<p>Endlich lie\u00dfen es die Coronaregeln wieder zu und wir durften uns in der Schule mit einigen Duracher Kinderh\u00e4usern zum gemeinsamen Basteln treffen. Die ersten und zweiten Klassen rutschten zusammen, um die Vorschulkinder in ihren Reihen aufzunehmen und gemeinsam sch\u00f6ne, bunte Muttertagskarten zu basteln. Alle hatten viel Freude daran und so entstand wie selbstverst\u00e4ndlich ein Miteinander,&hellip;&nbsp;<a href=\"https:\/\/vs-durach.de\/index.php\/2022\/05\/03\/erste-schulluft-schnuppern-2\/\" rel=\"bookmark\">Weiterlesen &raquo;<span class=\"screen-reader-text\">Erste Schulluft schnuppern<\/span><\/a><\/p>\n","protected":false},"author":8,"featured_media":0,"comment_status":"closed","ping_status":"open","sticky":false,"template":"","format":"standard","meta":{"neve_meta_sidebar":"","neve_meta_container":"","neve_meta_enable_content_width":"","neve_meta_content_width":0,"neve_meta_title_alignment":"","neve_meta_author_avatar":"","neve_post_elements_order":"","neve_meta_disable_header":"","neve_meta_disable_footer":"","neve_meta_disable_title":"","_themeisle_gutenberg_block_has_review":false,"footnotes":""},"categories":[40],"tags":[],"class_list":["post-3739","post","type-post","status-publish","format-standard","hentry","category-aktuelles-2021-2022"],"_links":{"self":[{"href":"https:\/\/vs-durach.de\/index.php\/wp-json\/wp\/v2\/posts\/3739","targetHints":{"allow":["GET"]}}],"collection":[{"href":"https:\/\/vs-durach.de\/index.php\/wp-json\/wp\/v2\/posts"}],"about":[{"href":"https:\/\/vs-durach.de\/index.php\/wp-json\/wp\/v2\/types\/post"}],"author":[{"embeddable":true,"href":"https:\/\/vs-durach.de\/index.php\/wp-json\/wp\/v2\/users\/8"}],"replies":[{"embeddable":true,"href":"https:\/\/vs-durach.de\/index.php\/wp-json\/wp\/v2\/comments?post=3739"}],"version-history":[{"count":5,"href":"https:\/\/vs-durach.de\/index.php\/wp-json\/wp\/v2\/posts\/3739\/revisions"}],"predecessor-version":[{"id":3747,"href":"https:\/\/vs-durach.de\/index.php\/wp-json\/wp\/v2\/posts\/3739\/revisions\/3747"}],"wp:attachment":[{"href":"https:\/\/vs-durach.de\/index.php\/wp-json\/wp\/v2\/media?parent=3739"}],"wp:term":[{"taxonomy":"category","embeddable":true,"href":"https:\/\/vs-durach.de\/index.php\/wp-json\/wp\/v2\/categories?post=3739"},{"taxonomy":"post_tag","embeddable":true,"href":"https:\/\/vs-durach.de\/index.php\/wp-json\/wp\/v2\/tags?post=3739"}],"curies":[{"name":"wp","href":"https:\/\/api.w.org\/{rel}","templated":true}]}}