{"id":3748,"date":"2022-05-03T08:20:08","date_gmt":"2022-05-03T06:20:08","guid":{"rendered":"https:\/\/vs-durach.de\/?p=3748"},"modified":"2022-05-03T08:25:37","modified_gmt":"2022-05-03T06:25:37","slug":"die-2-klassen-besuchen-unseren-maibaum","status":"publish","type":"post","link":"https:\/\/vs-durach.de\/index.php\/2022\/05\/03\/die-2-klassen-besuchen-unseren-maibaum\/","title":{"rendered":"Die 2. Klassen besuchen unseren Maibaum"},"content":{"rendered":"\t\t<div data-elementor-type=\"wp-post\" data-elementor-id=\"3748\" class=\"elementor elementor-3748\">\n\t\t\t\t\t\t<section class=\"elementor-section elementor-top-section elementor-element elementor-element-4c0e45d elementor-section-boxed elementor-section-height-default elementor-section-height-default\" data-id=\"4c0e45d\" data-element_type=\"section\" data-e-type=\"section\">\n\t\t\t\t\t\t<div class=\"elementor-container elementor-column-gap-default\">\n\t\t\t\t\t<div class=\"elementor-column elementor-col-50 elementor-top-column elementor-element elementor-element-1f8fe88\" data-id=\"1f8fe88\" data-element_type=\"column\" data-e-type=\"column\">\n\t\t\t<div class=\"elementor-widget-wrap elementor-element-populated\">\n\t\t\t\t\t\t<div class=\"elementor-element elementor-element-b0f8e46 elementor-widget elementor-widget-image\" data-id=\"b0f8e46\" data-element_type=\"widget\" data-e-type=\"widget\" data-widget_type=\"image.default\">\n\t\t\t\t<div class=\"elementor-widget-container\">\n\t\t\t\t\t\t\t\t\t\t\t\t\t\t\t\t<a href=\"https:\/\/vs-durach.de\/wp-content\/uploads\/2022\/05\/IMG_20220502_101153-scaled.jpg\" data-elementor-open-lightbox=\"yes\" data-elementor-lightbox-title=\"IMG_20220502_101153\" data-e-action-hash=\"#elementor-action%3Aaction%3Dlightbox%26settings%3DeyJpZCI6Mzc1MCwidXJsIjoiaHR0cHM6XC9cL3ZzLWR1cmFjaC5kZVwvd3AtY29udGVudFwvdXBsb2Fkc1wvMjAyMlwvMDVcL0lNR18yMDIyMDUwMl8xMDExNTMtc2NhbGVkLmpwZyJ9\">\n\t\t\t\t\t\t\t<img fetchpriority=\"high\" decoding=\"async\" width=\"300\" height=\"225\" src=\"https:\/\/vs-durach.de\/wp-content\/uploads\/2022\/05\/IMG_20220502_101153-300x225.jpg\" class=\"attachment-medium size-medium wp-image-3750\" alt=\"\" srcset=\"https:\/\/vs-durach.de\/wp-content\/uploads\/2022\/05\/IMG_20220502_101153-300x225.jpg 300w, https:\/\/vs-durach.de\/wp-content\/uploads\/2022\/05\/IMG_20220502_101153-1024x768.jpg 1024w, https:\/\/vs-durach.de\/wp-content\/uploads\/2022\/05\/IMG_20220502_101153-768x576.jpg 768w, https:\/\/vs-durach.de\/wp-content\/uploads\/2022\/05\/IMG_20220502_101153-1536x1152.jpg 1536w, https:\/\/vs-durach.de\/wp-content\/uploads\/2022\/05\/IMG_20220502_101153-2048x1536.jpg 2048w, https:\/\/vs-durach.de\/wp-content\/uploads\/2022\/05\/IMG_20220502_101153-285x214.jpg 285w\" sizes=\"(max-width: 300px) 100vw, 300px\" \/>\t\t\t\t\t\t\t\t<\/a>\n\t\t\t\t\t\t\t\t\t\t\t\t\t\t\t<\/div>\n\t\t\t\t<\/div>\n\t\t\t\t\t<\/div>\n\t\t<\/div>\n\t\t\t\t<div class=\"elementor-column elementor-col-50 elementor-top-column elementor-element elementor-element-98658d9\" data-id=\"98658d9\" data-element_type=\"column\" data-e-type=\"column\">\n\t\t\t<div class=\"elementor-widget-wrap elementor-element-populated\">\n\t\t\t\t\t\t<div class=\"elementor-element elementor-element-75a4a59 elementor-widget elementor-widget-image\" data-id=\"75a4a59\" data-element_type=\"widget\" data-e-type=\"widget\" data-widget_type=\"image.default\">\n\t\t\t\t<div class=\"elementor-widget-container\">\n\t\t\t\t\t\t\t\t\t\t\t\t\t\t\t\t<a href=\"https:\/\/vs-durach.de\/wp-content\/uploads\/2022\/05\/IMG_20220502_101204-scaled.jpg\" data-elementor-open-lightbox=\"yes\" data-elementor-lightbox-title=\"IMG_20220502_101204\" data-e-action-hash=\"#elementor-action%3Aaction%3Dlightbox%26settings%3DeyJpZCI6Mzc1MSwidXJsIjoiaHR0cHM6XC9cL3ZzLWR1cmFjaC5kZVwvd3AtY29udGVudFwvdXBsb2Fkc1wvMjAyMlwvMDVcL0lNR18yMDIyMDUwMl8xMDEyMDQtc2NhbGVkLmpwZyJ9\">\n\t\t\t\t\t\t\t<img decoding=\"async\" width=\"225\" height=\"300\" src=\"https:\/\/vs-durach.de\/wp-content\/uploads\/2022\/05\/IMG_20220502_101204-225x300.jpg\" class=\"attachment-medium size-medium wp-image-3751\" alt=\"\" srcset=\"https:\/\/vs-durach.de\/wp-content\/uploads\/2022\/05\/IMG_20220502_101204-225x300.jpg 225w, https:\/\/vs-durach.de\/wp-content\/uploads\/2022\/05\/IMG_20220502_101204-768x1024.jpg 768w, https:\/\/vs-durach.de\/wp-content\/uploads\/2022\/05\/IMG_20220502_101204-1152x1536.jpg 1152w, https:\/\/vs-durach.de\/wp-content\/uploads\/2022\/05\/IMG_20220502_101204-1536x2048.jpg 1536w, https:\/\/vs-durach.de\/wp-content\/uploads\/2022\/05\/IMG_20220502_101204-scaled.jpg 1920w\" sizes=\"(max-width: 225px) 100vw, 225px\" \/>\t\t\t\t\t\t\t\t<\/a>\n\t\t\t\t\t\t\t\t\t\t\t\t\t\t\t<\/div>\n\t\t\t\t<\/div>\n\t\t\t\t\t<\/div>\n\t\t<\/div>\n\t\t\t\t\t<\/div>\n\t\t<\/section>\n\t\t\t\t<section class=\"elementor-section elementor-top-section elementor-element elementor-element-362dee7 elementor-section-boxed elementor-section-height-default elementor-section-height-default\" data-id=\"362dee7\" data-element_type=\"section\" data-e-type=\"section\">\n\t\t\t\t\t\t<div class=\"elementor-container elementor-column-gap-default\">\n\t\t\t\t\t<div class=\"elementor-column elementor-col-100 elementor-top-column elementor-element elementor-element-1d5e616\" data-id=\"1d5e616\" data-element_type=\"column\" data-e-type=\"column\">\n\t\t\t<div class=\"elementor-widget-wrap elementor-element-populated\">\n\t\t\t\t\t\t<div class=\"elementor-element elementor-element-aecc590 elementor-widget elementor-widget-text-editor\" data-id=\"aecc590\" data-element_type=\"widget\" data-e-type=\"widget\" data-widget_type=\"text-editor.default\">\n\t\t\t\t<div class=\"elementor-widget-container\">\n\t\t\t\t\t\t\t\t\t<p>Passend zu unserem HSU-Thema Berufe, durften wir uns heute mit einem erfahrenen Durach-Profi am Maibaum treffen. Herr Herbert Seger, ehemaliger B\u00fcrgermeister von Durach, nahm sich die Zeit, um uns einige Informationen \u00fcber den Duracher Maibaum zu erz\u00e4hlen. Anschaulich mit dem Meterstab erfuhren wir, wie oft ein Zweitkl\u00e4ssler ungef\u00e4hr in die 34 Meter H\u00f6he des diesj\u00e4hrigen Baumes hineinpasst und f\u00fcr was er steht. Als Symbol f\u00fcr die Gemeinschaft des Dorfes sind auf dem Maibaum sowohl die Partnergemeinden wie die Duracher Kirchen, Vereine und Berufe dargestellt. Er steht als Zeichen f\u00fcr den Fr\u00fchling und l\u00e4d die B\u00fcrger zum gemeinsamen Fest ein.<\/p>\t\t\t\t\t\t\t\t<\/div>\n\t\t\t\t<\/div>\n\t\t\t\t\t<\/div>\n\t\t<\/div>\n\t\t\t\t\t<\/div>\n\t\t<\/section>\n\t\t\t\t<section class=\"elementor-section elementor-top-section elementor-element elementor-element-ef9602b elementor-section-boxed elementor-section-height-default elementor-section-height-default\" data-id=\"ef9602b\" data-element_type=\"section\" data-e-type=\"section\">\n\t\t\t\t\t\t<div class=\"elementor-container elementor-column-gap-default\">\n\t\t\t\t\t<div class=\"elementor-column elementor-col-50 elementor-top-column elementor-element elementor-element-0549128\" data-id=\"0549128\" data-element_type=\"column\" data-e-type=\"column\">\n\t\t\t<div class=\"elementor-widget-wrap elementor-element-populated\">\n\t\t\t\t\t\t<div class=\"elementor-element elementor-element-de3efc4 elementor-widget elementor-widget-image\" data-id=\"de3efc4\" data-element_type=\"widget\" data-e-type=\"widget\" data-widget_type=\"image.default\">\n\t\t\t\t<div class=\"elementor-widget-container\">\n\t\t\t\t\t\t\t\t\t\t\t\t\t\t\t\t<a href=\"https:\/\/vs-durach.de\/wp-content\/uploads\/2022\/05\/IMG_20220502_101224-scaled.jpg\" data-elementor-open-lightbox=\"yes\" data-elementor-lightbox-title=\"rbt\" data-e-action-hash=\"#elementor-action%3Aaction%3Dlightbox%26settings%3DeyJpZCI6Mzc1MiwidXJsIjoiaHR0cHM6XC9cL3ZzLWR1cmFjaC5kZVwvd3AtY29udGVudFwvdXBsb2Fkc1wvMjAyMlwvMDVcL0lNR18yMDIyMDUwMl8xMDEyMjQtc2NhbGVkLmpwZyJ9\">\n\t\t\t\t\t\t\t<img decoding=\"async\" width=\"225\" height=\"300\" src=\"https:\/\/vs-durach.de\/wp-content\/uploads\/2022\/05\/IMG_20220502_101224-225x300.jpg\" class=\"attachment-medium size-medium wp-image-3752\" alt=\"\" srcset=\"https:\/\/vs-durach.de\/wp-content\/uploads\/2022\/05\/IMG_20220502_101224-225x300.jpg 225w, https:\/\/vs-durach.de\/wp-content\/uploads\/2022\/05\/IMG_20220502_101224-768x1024.jpg 768w, https:\/\/vs-durach.de\/wp-content\/uploads\/2022\/05\/IMG_20220502_101224-1152x1536.jpg 1152w, https:\/\/vs-durach.de\/wp-content\/uploads\/2022\/05\/IMG_20220502_101224-1536x2048.jpg 1536w, https:\/\/vs-durach.de\/wp-content\/uploads\/2022\/05\/IMG_20220502_101224-scaled.jpg 1920w\" sizes=\"(max-width: 225px) 100vw, 225px\" \/>\t\t\t\t\t\t\t\t<\/a>\n\t\t\t\t\t\t\t\t\t\t\t\t\t\t\t<\/div>\n\t\t\t\t<\/div>\n\t\t\t\t\t<\/div>\n\t\t<\/div>\n\t\t\t\t<div class=\"elementor-column elementor-col-50 elementor-top-column elementor-element elementor-element-fd139a2\" data-id=\"fd139a2\" data-element_type=\"column\" data-e-type=\"column\">\n\t\t\t<div class=\"elementor-widget-wrap elementor-element-populated\">\n\t\t\t\t\t\t<div class=\"elementor-element elementor-element-b5e2fd1 elementor-widget elementor-widget-image\" data-id=\"b5e2fd1\" data-element_type=\"widget\" data-e-type=\"widget\" data-widget_type=\"image.default\">\n\t\t\t\t<div class=\"elementor-widget-container\">\n\t\t\t\t\t\t\t\t\t\t\t\t\t\t\t\t<a href=\"https:\/\/vs-durach.de\/wp-content\/uploads\/2022\/05\/IMG_20220502_101857-scaled.jpg\" data-elementor-open-lightbox=\"yes\" data-elementor-lightbox-title=\"IMG_20220502_101857\" data-e-action-hash=\"#elementor-action%3Aaction%3Dlightbox%26settings%3DeyJpZCI6Mzc1MywidXJsIjoiaHR0cHM6XC9cL3ZzLWR1cmFjaC5kZVwvd3AtY29udGVudFwvdXBsb2Fkc1wvMjAyMlwvMDVcL0lNR18yMDIyMDUwMl8xMDE4NTctc2NhbGVkLmpwZyJ9\">\n\t\t\t\t\t\t\t<img loading=\"lazy\" decoding=\"async\" width=\"225\" height=\"300\" src=\"https:\/\/vs-durach.de\/wp-content\/uploads\/2022\/05\/IMG_20220502_101857-225x300.jpg\" class=\"attachment-medium size-medium wp-image-3753\" alt=\"\" srcset=\"https:\/\/vs-durach.de\/wp-content\/uploads\/2022\/05\/IMG_20220502_101857-225x300.jpg 225w, https:\/\/vs-durach.de\/wp-content\/uploads\/2022\/05\/IMG_20220502_101857-768x1024.jpg 768w, https:\/\/vs-durach.de\/wp-content\/uploads\/2022\/05\/IMG_20220502_101857-1152x1536.jpg 1152w, https:\/\/vs-durach.de\/wp-content\/uploads\/2022\/05\/IMG_20220502_101857-1536x2048.jpg 1536w, https:\/\/vs-durach.de\/wp-content\/uploads\/2022\/05\/IMG_20220502_101857-scaled.jpg 1920w\" sizes=\"(max-width: 225px) 100vw, 225px\" \/>\t\t\t\t\t\t\t\t<\/a>\n\t\t\t\t\t\t\t\t\t\t\t\t\t\t\t<\/div>\n\t\t\t\t<\/div>\n\t\t\t\t\t<\/div>\n\t\t<\/div>\n\t\t\t\t\t<\/div>\n\t\t<\/section>\n\t\t\t\t<section class=\"elementor-section elementor-top-section elementor-element elementor-element-2b70e21 elementor-section-boxed elementor-section-height-default elementor-section-height-default\" data-id=\"2b70e21\" data-element_type=\"section\" data-e-type=\"section\">\n\t\t\t\t\t\t<div class=\"elementor-container elementor-column-gap-default\">\n\t\t\t\t\t<div class=\"elementor-column elementor-col-100 elementor-top-column elementor-element elementor-element-ce19c26\" data-id=\"ce19c26\" data-element_type=\"column\" data-e-type=\"column\">\n\t\t\t<div class=\"elementor-widget-wrap elementor-element-populated\">\n\t\t\t\t\t\t<div class=\"elementor-element elementor-element-92c408e elementor-widget elementor-widget-text-editor\" data-id=\"92c408e\" data-element_type=\"widget\" data-e-type=\"widget\" data-widget_type=\"text-editor.default\">\n\t\t\t\t<div class=\"elementor-widget-container\">\n\t\t\t\t\t\t\t\t\t<p>Wir bedanken uns ganz herzlich f\u00fcr die aufgebrachte Zeit und deine Bereitschaft, uns das Duracher Brauchtum etwas n\u00e4her zu bringen, lieber Herbert Seger!<\/p><p>Kathrin Eggensperger, Klassenleiterin 2c<\/p>\t\t\t\t\t\t\t\t<\/div>\n\t\t\t\t<\/div>\n\t\t\t\t\t<\/div>\n\t\t<\/div>\n\t\t\t\t\t<\/div>\n\t\t<\/section>\n\t\t\t\t<\/div>\n\t\t","protected":false},"excerpt":{"rendered":"<p>Passend zu unserem HSU-Thema Berufe, durften wir uns heute mit einem erfahrenen Durach-Profi am Maibaum treffen. Herr Herbert Seger, ehemaliger B\u00fcrgermeister von Durach, nahm sich die Zeit, um uns einige Informationen \u00fcber den Duracher Maibaum zu erz\u00e4hlen. Anschaulich mit dem Meterstab erfuhren wir, wie oft ein Zweitkl\u00e4ssler ungef\u00e4hr in die 34 Meter H\u00f6he des diesj\u00e4hrigen&hellip;&nbsp;<a href=\"https:\/\/vs-durach.de\/index.php\/2022\/05\/03\/die-2-klassen-besuchen-unseren-maibaum\/\" rel=\"bookmark\">Weiterlesen &raquo;<span class=\"screen-reader-text\">Die 2. Klassen besuchen unseren Maibaum<\/span><\/a><\/p>\n","protected":false},"author":8,"featured_media":0,"comment_status":"closed","ping_status":"open","sticky":false,"template":"","format":"standard","meta":{"neve_meta_sidebar":"","neve_meta_container":"","neve_meta_enable_content_width":"","neve_meta_content_width":0,"neve_meta_title_alignment":"","neve_meta_author_avatar":"","neve_post_elements_order":"","neve_meta_disable_header":"","neve_meta_disable_footer":"","neve_meta_disable_title":"","_themeisle_gutenberg_block_has_review":false,"footnotes":""},"categories":[40],"tags":[],"class_list":["post-3748","post","type-post","status-publish","format-standard","hentry","category-aktuelles-2021-2022"],"_links":{"self":[{"href":"https:\/\/vs-durach.de\/index.php\/wp-json\/wp\/v2\/posts\/3748","targetHints":{"allow":["GET"]}}],"collection":[{"href":"https:\/\/vs-durach.de\/index.php\/wp-json\/wp\/v2\/posts"}],"about":[{"href":"https:\/\/vs-durach.de\/index.php\/wp-json\/wp\/v2\/types\/post"}],"author":[{"embeddable":true,"href":"https:\/\/vs-durach.de\/index.php\/wp-json\/wp\/v2\/users\/8"}],"replies":[{"embeddable":true,"href":"https:\/\/vs-durach.de\/index.php\/wp-json\/wp\/v2\/comments?post=3748"}],"version-history":[{"count":5,"href":"https:\/\/vs-durach.de\/index.php\/wp-json\/wp\/v2\/posts\/3748\/revisions"}],"predecessor-version":[{"id":3757,"href":"https:\/\/vs-durach.de\/index.php\/wp-json\/wp\/v2\/posts\/3748\/revisions\/3757"}],"wp:attachment":[{"href":"https:\/\/vs-durach.de\/index.php\/wp-json\/wp\/v2\/media?parent=3748"}],"wp:term":[{"taxonomy":"category","embeddable":true,"href":"https:\/\/vs-durach.de\/index.php\/wp-json\/wp\/v2\/categories?post=3748"},{"taxonomy":"post_tag","embeddable":true,"href":"https:\/\/vs-durach.de\/index.php\/wp-json\/wp\/v2\/tags?post=3748"}],"curies":[{"name":"wp","href":"https:\/\/api.w.org\/{rel}","templated":true}]}}