{"id":4302,"date":"2023-05-08T08:12:34","date_gmt":"2023-05-08T06:12:34","guid":{"rendered":"https:\/\/vs-durach.de\/?p=4302"},"modified":"2023-05-08T08:21:41","modified_gmt":"2023-05-08T06:21:41","slug":"mit-einem-selbst-hergestellten-maibaum-begruesste-die-klasse-6a-heuer-den-mai","status":"publish","type":"post","link":"https:\/\/vs-durach.de\/index.php\/2023\/05\/08\/mit-einem-selbst-hergestellten-maibaum-begruesste-die-klasse-6a-heuer-den-mai\/","title":{"rendered":"<strong>Mit einem selbst hergestellten Maibaum begr\u00fc\u00dfte die Klasse 6a heuer den Mai!<\/strong>"},"content":{"rendered":"\t\t<div data-elementor-type=\"wp-post\" data-elementor-id=\"4302\" class=\"elementor elementor-4302\">\n\t\t\t\t\t\t<section class=\"elementor-section elementor-top-section elementor-element elementor-element-4aac8c1 elementor-section-boxed elementor-section-height-default elementor-section-height-default\" data-id=\"4aac8c1\" data-element_type=\"section\" data-e-type=\"section\">\n\t\t\t\t\t\t<div class=\"elementor-container elementor-column-gap-default\">\n\t\t\t\t\t<div class=\"elementor-column elementor-col-100 elementor-top-column elementor-element elementor-element-304a1d5\" data-id=\"304a1d5\" data-element_type=\"column\" data-e-type=\"column\">\n\t\t\t<div class=\"elementor-widget-wrap elementor-element-populated\">\n\t\t\t\t\t\t<div class=\"elementor-element elementor-element-e256442 elementor-widget elementor-widget-text-editor\" data-id=\"e256442\" data-element_type=\"widget\" data-e-type=\"widget\" data-widget_type=\"text-editor.default\">\n\t\t\t\t<div class=\"elementor-widget-container\">\n\t\t\t\t\t\t\t\t\t<p>Die Sch\u00fclerInnen Greta Tschiesche, Maya Poschmann, Anna-Maria Lochbihler, Sebastian K\u00f6nig und Uli Baiz gestalteten mit viel Freude und\u00a0 gro\u00dfem Engagement einen klasseneigenen Maibaum. Dieser wurde im Rahmen eines geselligen Beisammenseins mit W\u00fcrstel, Brezen und Musik enth\u00fcllt. Anschlie\u00dfend genossen wir drau\u00dfen bei Spiel und Spa\u00df das sch\u00f6ne Wetter. Das war wirklich ein gelungenes kleines Fest!<\/p><p>\u00a0 \u00a0 \u00a0 \u00a0 \u00a0 \u00a0 \u00a0 \u00a0 \u00a0 \u00a0 \u00a0 \u00a0 \u00a0 \u00a0 \u00a0 \u00a0 \u00a0 \u00a0 \u00a0 \u00a0 \u00a0 \u00a0 \u00a0 \u00a0 \u00a0 \u00a0 \u00a0 \u00a0 \u00a0 \u00a0 \u00a0 \u00a0 \u00a0 \u00a0 \u00a0 \u00a0 \u00a0 \u00a0 \u00a0 \u00a0 \u00a0 \u00a0 \u00a0 \u00a0 \u00a0 \u00a0 \u00a0 \u00a0 \u00a0 \u00a0 \u00a0 \u00a0 \u00a0 \u00a0 \u00a0 \u00a0 \u00a0 \u00a0 \u00a0 Klassenlehrerin 6a Gisela Paasch<\/p>\t\t\t\t\t\t\t\t<\/div>\n\t\t\t\t<\/div>\n\t\t\t\t\t<\/div>\n\t\t<\/div>\n\t\t\t\t\t<\/div>\n\t\t<\/section>\n\t\t\t\t<section class=\"elementor-section elementor-top-section elementor-element elementor-element-a758814 elementor-section-boxed elementor-section-height-default elementor-section-height-default\" data-id=\"a758814\" data-element_type=\"section\" data-e-type=\"section\">\n\t\t\t\t\t\t<div class=\"elementor-container elementor-column-gap-default\">\n\t\t\t\t\t<div class=\"elementor-column elementor-col-100 elementor-top-column elementor-element elementor-element-e9116f5\" data-id=\"e9116f5\" data-element_type=\"column\" data-e-type=\"column\">\n\t\t\t<div class=\"elementor-widget-wrap elementor-element-populated\">\n\t\t\t\t\t\t<div class=\"elementor-element elementor-element-d1e30b8 elementor-widget elementor-widget-image\" data-id=\"d1e30b8\" data-element_type=\"widget\" data-e-type=\"widget\" data-widget_type=\"image.default\">\n\t\t\t\t<div class=\"elementor-widget-container\">\n\t\t\t\t\t\t\t\t\t\t\t\t\t\t\t\t<a href=\"https:\/\/vs-durach.de\/wp-content\/uploads\/2023\/05\/Maibaum-6a-foto.png\" data-elementor-open-lightbox=\"yes\" data-elementor-lightbox-title=\"Maibaum 6a foto\" data-e-action-hash=\"#elementor-action%3Aaction%3Dlightbox%26settings%3DeyJpZCI6NDMwNCwidXJsIjoiaHR0cHM6XC9cL3ZzLWR1cmFjaC5kZVwvd3AtY29udGVudFwvdXBsb2Fkc1wvMjAyM1wvMDVcL01haWJhdW0tNmEtZm90by5wbmcifQ%3D%3D\">\n\t\t\t\t\t\t\t<img decoding=\"async\" width=\"139\" height=\"300\" src=\"https:\/\/vs-durach.de\/wp-content\/uploads\/2023\/05\/Maibaum-6a-foto-139x300.png\" class=\"attachment-medium size-medium wp-image-4304\" alt=\"\" srcset=\"https:\/\/vs-durach.de\/wp-content\/uploads\/2023\/05\/Maibaum-6a-foto-139x300.png 139w, https:\/\/vs-durach.de\/wp-content\/uploads\/2023\/05\/Maibaum-6a-foto-473x1024.png 473w, https:\/\/vs-durach.de\/wp-content\/uploads\/2023\/05\/Maibaum-6a-foto-768x1663.png 768w, https:\/\/vs-durach.de\/wp-content\/uploads\/2023\/05\/Maibaum-6a-foto-709x1536.png 709w, https:\/\/vs-durach.de\/wp-content\/uploads\/2023\/05\/Maibaum-6a-foto-946x2048.png 946w, https:\/\/vs-durach.de\/wp-content\/uploads\/2023\/05\/Maibaum-6a-foto.png 1125w\" sizes=\"(max-width: 139px) 100vw, 139px\" \/>\t\t\t\t\t\t\t\t<\/a>\n\t\t\t\t\t\t\t\t\t\t\t\t\t\t\t<\/div>\n\t\t\t\t<\/div>\n\t\t\t\t\t<\/div>\n\t\t<\/div>\n\t\t\t\t\t<\/div>\n\t\t<\/section>\n\t\t\t\t<\/div>\n\t\t","protected":false},"excerpt":{"rendered":"<p>Die Sch\u00fclerInnen Greta Tschiesche, Maya Poschmann, Anna-Maria Lochbihler, Sebastian K\u00f6nig und Uli Baiz gestalteten mit viel Freude und\u00a0 gro\u00dfem Engagement einen klasseneigenen Maibaum. Dieser wurde im Rahmen eines geselligen Beisammenseins mit W\u00fcrstel, Brezen und Musik enth\u00fcllt. Anschlie\u00dfend genossen wir drau\u00dfen bei Spiel und Spa\u00df das sch\u00f6ne Wetter. Das war wirklich ein gelungenes kleines Fest! \u00a0&hellip;&nbsp;<a href=\"https:\/\/vs-durach.de\/index.php\/2023\/05\/08\/mit-einem-selbst-hergestellten-maibaum-begruesste-die-klasse-6a-heuer-den-mai\/\" rel=\"bookmark\">Weiterlesen &raquo;<span class=\"screen-reader-text\"><strong>Mit einem selbst hergestellten Maibaum begr\u00fc\u00dfte die Klasse 6a heuer den Mai!<\/strong><\/span><\/a><\/p>\n","protected":false},"author":8,"featured_media":0,"comment_status":"closed","ping_status":"open","sticky":false,"template":"","format":"standard","meta":{"neve_meta_sidebar":"","neve_meta_container":"","neve_meta_enable_content_width":"","neve_meta_content_width":0,"neve_meta_title_alignment":"","neve_meta_author_avatar":"","neve_post_elements_order":"","neve_meta_disable_header":"","neve_meta_disable_footer":"","neve_meta_disable_title":"","_themeisle_gutenberg_block_has_review":false,"footnotes":""},"categories":[41],"tags":[],"class_list":["post-4302","post","type-post","status-publish","format-standard","hentry","category-aktuelles_2022_2023"],"_links":{"self":[{"href":"https:\/\/vs-durach.de\/index.php\/wp-json\/wp\/v2\/posts\/4302","targetHints":{"allow":["GET"]}}],"collection":[{"href":"https:\/\/vs-durach.de\/index.php\/wp-json\/wp\/v2\/posts"}],"about":[{"href":"https:\/\/vs-durach.de\/index.php\/wp-json\/wp\/v2\/types\/post"}],"author":[{"embeddable":true,"href":"https:\/\/vs-durach.de\/index.php\/wp-json\/wp\/v2\/users\/8"}],"replies":[{"embeddable":true,"href":"https:\/\/vs-durach.de\/index.php\/wp-json\/wp\/v2\/comments?post=4302"}],"version-history":[{"count":16,"href":"https:\/\/vs-durach.de\/index.php\/wp-json\/wp\/v2\/posts\/4302\/revisions"}],"predecessor-version":[{"id":4320,"href":"https:\/\/vs-durach.de\/index.php\/wp-json\/wp\/v2\/posts\/4302\/revisions\/4320"}],"wp:attachment":[{"href":"https:\/\/vs-durach.de\/index.php\/wp-json\/wp\/v2\/media?parent=4302"}],"wp:term":[{"taxonomy":"category","embeddable":true,"href":"https:\/\/vs-durach.de\/index.php\/wp-json\/wp\/v2\/categories?post=4302"},{"taxonomy":"post_tag","embeddable":true,"href":"https:\/\/vs-durach.de\/index.php\/wp-json\/wp\/v2\/tags?post=4302"}],"curies":[{"name":"wp","href":"https:\/\/api.w.org\/{rel}","templated":true}]}}