{"id":4983,"date":"2025-02-05T15:05:44","date_gmt":"2025-02-05T14:05:44","guid":{"rendered":"https:\/\/vs-durach.de\/?p=4983"},"modified":"2025-02-05T15:05:45","modified_gmt":"2025-02-05T14:05:45","slug":"wieherndes-klassenzimmer","status":"publish","type":"post","link":"https:\/\/vs-durach.de\/index.php\/2025\/02\/05\/wieherndes-klassenzimmer\/","title":{"rendered":"Wieherndes Klassenzimmer"},"content":{"rendered":"\n<p>Bereits im dritten Jahr wird f\u00fcr die Kinder der 5. Jahrgangsstufen das Projekt \u201eWieherndes Klassenzimmer\u201c angeboten. Es handelt sich um ein strukturiertes Training zu mehr Aufmerksamkeit, Ausgeglichenheit und Ruhe.<\/p>\n\n\n\n<p>Die jeweils 4-5 Kinder pro Klasse, die sich freiwillig f\u00fcr das Projekt gemeldet haben, erlebten zusammen mit dem Pferd und dem Protagonisten \u201eHubi Hummel\u201c verschiedene Abenteuer und Aufgaben, die es zu bew\u00e4ltigen gab. \u00dcber 4 Wochen trotzte die Kleingruppe Wind und Wetter und arbeitete 2 Stunden mit dem Pferd\/Pony an den Themen Geduld, Ordnung, Stille und Mut.<\/p>\n\n\n\n<p>Jede Trainingseinheit wird in 5 Phasen eingeteilt. Die Phasen beinhalten<\/p>\n\n\n\n<ul class=\"wp-block-list\">\n<li>Eine dynamische Kooperations\u00fcbung<\/li>\n\n\n\n<li>Eine Aufgabe mit Pferd, bei der die Aufmerksamkeit auf verschiedene Wahrnehmungskan\u00e4le (visuell, taktil, auditiv) geb\u00fcndelt wird<\/li>\n\n\n\n<li>Eine Aufgabe, die Kinder zum Erkl\u00e4ren und Beschreiben auffordert<\/li>\n\n\n\n<li>Eine Aufgabe mit Stift und Papier<\/li>\n\n\n\n<li>Eine Abschluss\u00fcbung mit Teamwork und eine Gestaltungs-Komponente<\/li>\n<\/ul>\n\n\n\n<p>Projektleitung und verantwortlich f\u00fcr die Durchf\u00fchrung ist die Jugendsozialarbeiterin Susi Hiltensberger, ausgebildete Reitp\u00e4dagogin und Aufmerksamkeitstrainerin mit Pferd. Das Training findet im Reitstall mit ausgebildeten Therapiepferden statt.<\/p>\n\n\n\n<p><\/p>\n","protected":false},"excerpt":{"rendered":"<p>Bereits im dritten Jahr wird f\u00fcr die Kinder der 5. Jahrgangsstufen das Projekt \u201eWieherndes Klassenzimmer\u201c angeboten. Es handelt sich um ein strukturiertes Training zu mehr Aufmerksamkeit, Ausgeglichenheit und Ruhe. Die jeweils 4-5 Kinder pro Klasse, die sich freiwillig f\u00fcr das Projekt gemeldet haben, erlebten zusammen mit dem Pferd und dem Protagonisten \u201eHubi Hummel\u201c verschiedene Abenteuer&hellip;&nbsp;<a href=\"https:\/\/vs-durach.de\/index.php\/2025\/02\/05\/wieherndes-klassenzimmer\/\" rel=\"bookmark\">Weiterlesen &raquo;<span class=\"screen-reader-text\">Wieherndes Klassenzimmer<\/span><\/a><\/p>\n","protected":false},"author":13,"featured_media":0,"comment_status":"closed","ping_status":"open","sticky":false,"template":"","format":"standard","meta":{"neve_meta_sidebar":"","neve_meta_container":"","neve_meta_enable_content_width":"","neve_meta_content_width":0,"neve_meta_title_alignment":"","neve_meta_author_avatar":"","neve_post_elements_order":"","neve_meta_disable_header":"","neve_meta_disable_footer":"","neve_meta_disable_title":"","_themeisle_gutenberg_block_has_review":false,"footnotes":""},"categories":[56],"tags":[],"class_list":["post-4983","post","type-post","status-publish","format-standard","hentry","category-aktuelles-2024-25"],"_links":{"self":[{"href":"https:\/\/vs-durach.de\/index.php\/wp-json\/wp\/v2\/posts\/4983","targetHints":{"allow":["GET"]}}],"collection":[{"href":"https:\/\/vs-durach.de\/index.php\/wp-json\/wp\/v2\/posts"}],"about":[{"href":"https:\/\/vs-durach.de\/index.php\/wp-json\/wp\/v2\/types\/post"}],"author":[{"embeddable":true,"href":"https:\/\/vs-durach.de\/index.php\/wp-json\/wp\/v2\/users\/13"}],"replies":[{"embeddable":true,"href":"https:\/\/vs-durach.de\/index.php\/wp-json\/wp\/v2\/comments?post=4983"}],"version-history":[{"count":1,"href":"https:\/\/vs-durach.de\/index.php\/wp-json\/wp\/v2\/posts\/4983\/revisions"}],"predecessor-version":[{"id":4984,"href":"https:\/\/vs-durach.de\/index.php\/wp-json\/wp\/v2\/posts\/4983\/revisions\/4984"}],"wp:attachment":[{"href":"https:\/\/vs-durach.de\/index.php\/wp-json\/wp\/v2\/media?parent=4983"}],"wp:term":[{"taxonomy":"category","embeddable":true,"href":"https:\/\/vs-durach.de\/index.php\/wp-json\/wp\/v2\/categories?post=4983"},{"taxonomy":"post_tag","embeddable":true,"href":"https:\/\/vs-durach.de\/index.php\/wp-json\/wp\/v2\/tags?post=4983"}],"curies":[{"name":"wp","href":"https:\/\/api.w.org\/{rel}","templated":true}]}}