{"id":5116,"date":"2025-07-02T16:11:34","date_gmt":"2025-07-02T14:11:34","guid":{"rendered":"https:\/\/vs-durach.de\/?p=5116"},"modified":"2025-07-02T16:20:39","modified_gmt":"2025-07-02T14:20:39","slug":"memmingen-1515-ein-schueleraustausch-im-zeichen-der-freiheit","status":"publish","type":"post","link":"https:\/\/vs-durach.de\/index.php\/2025\/07\/02\/memmingen-1515-ein-schueleraustausch-im-zeichen-der-freiheit\/","title":{"rendered":"Memmingen 1515 &#8211; Ein Sch\u00fcleraustausch im Zeichen der Freiheit"},"content":{"rendered":"\n<p>In der Woche vom 26.-30.5.2025 fand an der Grund-und Mittelschule Durach der diesj\u00e4hrige Sch\u00fcleraustausch statt, der unter dem Motto \u201eFreiheit braucht Courage \u2013 500 Jahre Bauernkrieg\u201c stand. Die Gemeinde Durach ist neben anderen Gemeinden, dem Heimatverein Durach, den St\u00e4dten Kempten Memmingen, Vorarlberg und Baden W\u00fcrttemberg, Projektpartner in dem von der EU kofinanzierten Interreg Projekt COURAGE.<\/p>\n\n\n\n<h3 class=\"wp-block-heading\">Internationale Begegnung und historisches Lernen<\/h3>\n\n\n\n<h4 class=\"wp-block-heading\">Ein au\u00dfergew\u00f6hnliches Projekt<\/h4>\n\n\n\n<p>In einer Welt, die von globaler Vernetzung gepr\u00e4gt ist, bietet ein Sch\u00fcleraustausch nicht nur die M\u00f6glichkeit, neue Kulturen kennenzulernen, sondern auch historische Ereignisse auf eine pers\u00f6nliche und lebendige Weise zu erleben. In diesem Sinne fand der diesj\u00e4hrige Sch\u00fcleraustausch der Partnergemeinden aus Pivka und Cembra dieses Jahr in Durach statt, bei dem das Projekt \u201eFreiheit \u2013 Memmingen 1525\u201c im Mittelpunkt stand. Jugendliche aus den Schulen beider L\u00e4nder kamen zusammen, um sich mit einem der wichtigsten Ereignisse der deutschen Geschichte zu besch\u00e4ftigen: den Zw\u00f6lf Artikeln der Bauern von 1525 und ihre Ausgestaltung im Jahr 2025.<\/p>\n\n\n\n<figure class=\"wp-block-image size-full\"><img fetchpriority=\"high\" decoding=\"async\" width=\"825\" height=\"619\" src=\"https:\/\/vs-durach.de\/wp-content\/uploads\/2025\/07\/Bild6-1.jpg\" alt=\"\" class=\"wp-image-5119\" srcset=\"https:\/\/vs-durach.de\/wp-content\/uploads\/2025\/07\/Bild6-1.jpg 825w, https:\/\/vs-durach.de\/wp-content\/uploads\/2025\/07\/Bild6-1-300x225.jpg 300w, https:\/\/vs-durach.de\/wp-content\/uploads\/2025\/07\/Bild6-1-768x576.jpg 768w\" sizes=\"(max-width: 825px) 100vw, 825px\" \/><\/figure>\n\n\n\n<h4 class=\"wp-block-heading\">Die Zw\u00f6lf Artikel \u2013 Ein Meilenstein der Freiheit<\/h4>\n\n\n\n<p>Memmingen, eine malerische Stadt in Bayern, war im Jahr 1525 Schauplatz einer historischen Entwicklung, die weit \u00fcber die Grenzen Deutschlands hinaus Bedeutung erlangte. W\u00e4hrend des Deutschen Bauernkrieges formulierten Bauern hier die sogenannten Zw\u00f6lf Artikel, eine Art fr\u00fches Manifest f\u00fcr soziale Gerechtigkeit und Freiheit. Sie forderten unter anderem Freiheit von der Leibeigenschaft, gerechte Steuerlasten und das Recht auf Mitbestimmung \u2013 Forderungen, die ihrer Zeit weit voraus waren.<\/p>\n\n\n\n<h4 class=\"wp-block-heading\">Ein interaktives Lernprogramm<\/h4>\n\n\n\n<p>Das Sch\u00fcleraustauschprogramm wurde sorgf\u00e4ltig um das Thema \u201eFreiheit \u2013 Memmingen 1525\u201c konzipiert, um den Teilnehmenden sowohl historische als auch soziale Kompetenzen zu vermitteln. Die Sch\u00fcler und Sch\u00fclerinnen hatten die M\u00f6glichkeit, im Rahmen einer F\u00fchrung und anschlie\u00dfendem Workshop im Dietrich Bonhoeffer-Haus die Bedeutung der Stadt Memmingen bei der Formulierung der 12 \u201eFreiheits-Artikel\u201c kennenzulernen, aber auch den \u201eDuft der Freiheit\u201c f\u00fcr die heutige Zeit zu reflektieren.<\/p>\n\n\n\n<h4 class=\"wp-block-heading\">Geschichte erlebbar gemacht<\/h4>\n\n\n\n<p>Ein besonderer H\u00f6hepunkt des Programms war der Besuch des Schw\u00e4bischen Freilichtmuseums in Illerbeuren. Hier schl\u00fcpften die Sch\u00fclerinnen und Sch\u00fcler selbst in die Rollen von Bauern, Geistlichen und Landesherr.<br>Durch diese Rollenspiele erlebten sie die komplexen sozialen und politischen Dimensionen des Jahres 1525 hautnah. Die Jugendlichen waren begeistert von der M\u00f6glichkeit, Geschichte nicht nur zu lernen, sondern sie aktiv zu gestalten. \u201eEs war so, als ob wir direkt in die Vergangenheit reisen k\u00f6nnten,\u201c erkl\u00e4rte eine Teilnehmerin aus Italien.<\/p>\n\n\n\n<figure class=\"wp-block-image size-full\"><img decoding=\"async\" width=\"816\" height=\"612\" src=\"https:\/\/vs-durach.de\/wp-content\/uploads\/2025\/07\/Bild7-1.jpg\" alt=\"\" class=\"wp-image-5120\" srcset=\"https:\/\/vs-durach.de\/wp-content\/uploads\/2025\/07\/Bild7-1.jpg 816w, https:\/\/vs-durach.de\/wp-content\/uploads\/2025\/07\/Bild7-1-300x225.jpg 300w, https:\/\/vs-durach.de\/wp-content\/uploads\/2025\/07\/Bild7-1-768x576.jpg 768w\" sizes=\"(max-width: 816px) 100vw, 816px\" \/><\/figure>\n\n\n\n<h4 class=\"wp-block-heading\">V\u00f6lkerverst\u00e4ndigung durch Geschichte<\/h4>\n\n\n\n<p>Der Austausch war jedoch nicht nur eine Gelegenheit, Geschichte zu erleben, sondern auch eine Plattform f\u00fcr interkulturellen Dialog. Die Jugendlichen aus Deutschland, Slowenien und Italien wurden in Gastfamilien untergebracht und hatten so die M\u00f6glichkeit den Alltag in einem anderen Land aus erster Hand zu erfahren. Gemeinsame Aktivit\u00e4ten, Sportveranstaltungen und Stadtf\u00fchrungen sorgten f\u00fcr eine lockere Atmosph\u00e4re, in der Freundschaften \u00fcber Sprach- und Kulturgrenzen hinweg entstanden.<\/p>\n\n\n\n<h4 class=\"wp-block-heading\">Kulturelle Vielfalt trifft auf historische Tiefe<\/h4>\n\n\n\n<p>Eines der zentralen Ziele des Projekts war es die Bedeutung von Freiheit und Menschenrechten in einem globalen Zusammenhang zu beleuchten. In Gruppenarbeiten diskutierten die Jugendlichen, wie die 12 Artikel als fr\u00fches Dokument f\u00fcr Demokratie und soziale Gerechtigkeit heute noch relevant sind. Sie zogen Parallelen zu aktuellen sozialen Bewegungen und erarbeiteten Pr\u00e4sentationen, die ihre Gedanken und Ideen reflektierten. Die Ergebnisse wurden am Ende des Austauschs der ganzen Schulfamilie pr\u00e4sentiert.<\/p>\n\n\n\n<figure class=\"wp-block-image size-full\"><img decoding=\"async\" width=\"858\" height=\"643\" src=\"https:\/\/vs-durach.de\/wp-content\/uploads\/2025\/07\/Bild8-1.jpg\" alt=\"\" class=\"wp-image-5123\" srcset=\"https:\/\/vs-durach.de\/wp-content\/uploads\/2025\/07\/Bild8-1.jpg 858w, https:\/\/vs-durach.de\/wp-content\/uploads\/2025\/07\/Bild8-1-300x225.jpg 300w, https:\/\/vs-durach.de\/wp-content\/uploads\/2025\/07\/Bild8-1-768x576.jpg 768w\" sizes=\"(max-width: 858px) 100vw, 858px\" \/><\/figure>\n\n\n\n<h4 class=\"wp-block-heading\">Ein bleibender Eindruck<\/h4>\n\n\n\n<p>Das Projekt \u201eFreiheit \u2013 Memmingen 1525\u201c hat bei allen Teilnehmenden einen bleibenden Eindruck hinterlassen. Die Jugendlichen konnten nicht nur die geschichtliche Bedeutung der 12 Artikel nachvollziehen, sondern auch die Rolle von Freiheit und Gerechtigkeit in der heutigen Welt besser verstehen. \u201eDieser Austausch hat mir gezeigt, wie wichtig es ist, f\u00fcr unsere Rechte einzustehen und die Geschichte als Lehre f\u00fcr die Gegenwart zu nutzen,\u201c betonte ein Sch\u00fcler aus Slowenien.<\/p>\n\n\n\n<figure class=\"wp-block-image size-full\"><img loading=\"lazy\" decoding=\"async\" width=\"892\" height=\"668\" src=\"https:\/\/vs-durach.de\/wp-content\/uploads\/2025\/07\/Bild11-1.jpg\" alt=\"\" class=\"wp-image-5124\" srcset=\"https:\/\/vs-durach.de\/wp-content\/uploads\/2025\/07\/Bild11-1.jpg 892w, https:\/\/vs-durach.de\/wp-content\/uploads\/2025\/07\/Bild11-1-300x225.jpg 300w, https:\/\/vs-durach.de\/wp-content\/uploads\/2025\/07\/Bild11-1-768x575.jpg 768w\" sizes=\"(max-width: 892px) 100vw, 892px\" \/><\/figure>\n\n\n\n<h4 class=\"wp-block-heading\">Ein Modell f\u00fcr zuk\u00fcnftige Projekte<\/h4>\n\n\n\n<p>Das erfolgreiche Sch\u00fcleraustauschprogramm in Memmingen ist ein Beispiel daf\u00fcr, wie Geschichte genutzt werden kann, um Menschen aus verschiedenen Kulturen zu verbinden und ihnen wichtige Werte zu vermitteln. Die Lehrkr\u00e4fte aus allen drei L\u00e4ndern hoffen, dass \u00e4hnliche Projekte in Zukunft noch mehr Jugendliche inspirieren und ihnen die M\u00f6glichkeit geben, die Welt durch Geschichte besser zu verstehen.<\/p>\n\n\n\n<figure class=\"wp-block-image size-full\"><img loading=\"lazy\" decoding=\"async\" width=\"691\" height=\"518\" src=\"https:\/\/vs-durach.de\/wp-content\/uploads\/2025\/07\/Bild9-1.jpg\" alt=\"\" class=\"wp-image-5125\" srcset=\"https:\/\/vs-durach.de\/wp-content\/uploads\/2025\/07\/Bild9-1.jpg 691w, https:\/\/vs-durach.de\/wp-content\/uploads\/2025\/07\/Bild9-1-300x225.jpg 300w\" sizes=\"(max-width: 691px) 100vw, 691px\" \/><\/figure>\n\n\n\n<figure class=\"wp-block-image size-full\"><img loading=\"lazy\" decoding=\"async\" width=\"503\" height=\"811\" src=\"https:\/\/vs-durach.de\/wp-content\/uploads\/2025\/07\/Bild10-1.jpg\" alt=\"\" class=\"wp-image-5126\" srcset=\"https:\/\/vs-durach.de\/wp-content\/uploads\/2025\/07\/Bild10-1.jpg 503w, https:\/\/vs-durach.de\/wp-content\/uploads\/2025\/07\/Bild10-1-186x300.jpg 186w\" sizes=\"(max-width: 503px) 100vw, 503px\" \/><\/figure>\n\n\n\n<h4 class=\"wp-block-heading\">Fazit<\/h4>\n\n\n\n<p>Die Begegnung von Jugendlichen aus verschiedenen L\u00e4ndern unter dem Motto \u201eFreiheit \u2013 Memmingen 1525\u201c hat gezeigt, wie kraftvoll die Verbindung von Geschichtslernen und interkulturellem Austausch sein kann. Es war ein Projekt, das nicht nur Wissen vermittelte, sondern auch Herzen \u00f6ffnete und Br\u00fccken zwischen den Kulturen schlug. Ein Sch\u00fcleraustausch, der in Erinnerung bleibt \u2013 als ein lebendiges Beispiel f\u00fcr Freiheit, Gemeinschaft und gegenseitiges Verst\u00e4ndnis.<\/p>\n\n\n\n<figure class=\"wp-block-image size-full\"><img loading=\"lazy\" decoding=\"async\" width=\"945\" height=\"163\" src=\"https:\/\/vs-durach.de\/wp-content\/uploads\/2025\/07\/Bild12.png\" alt=\"\" class=\"wp-image-5127\" srcset=\"https:\/\/vs-durach.de\/wp-content\/uploads\/2025\/07\/Bild12.png 945w, https:\/\/vs-durach.de\/wp-content\/uploads\/2025\/07\/Bild12-300x52.png 300w, https:\/\/vs-durach.de\/wp-content\/uploads\/2025\/07\/Bild12-768x132.png 768w\" sizes=\"(max-width: 945px) 100vw, 945px\" \/><\/figure>\n","protected":false},"excerpt":{"rendered":"<p>In der Woche vom 26.-30.5.2025 fand an der Grund-und Mittelschule Durach der diesj\u00e4hrige Sch\u00fcleraustausch statt, der unter dem Motto \u201eFreiheit braucht Courage \u2013 500 Jahre Bauernkrieg\u201c stand. Die Gemeinde Durach ist neben anderen Gemeinden, dem Heimatverein Durach, den St\u00e4dten Kempten Memmingen, Vorarlberg und Baden W\u00fcrttemberg, Projektpartner in dem von der EU kofinanzierten Interreg Projekt COURAGE.&hellip;&nbsp;<a href=\"https:\/\/vs-durach.de\/index.php\/2025\/07\/02\/memmingen-1515-ein-schueleraustausch-im-zeichen-der-freiheit\/\" rel=\"bookmark\">Weiterlesen &raquo;<span class=\"screen-reader-text\">Memmingen 1515 &#8211; Ein Sch\u00fcleraustausch im Zeichen der Freiheit<\/span><\/a><\/p>\n","protected":false},"author":13,"featured_media":0,"comment_status":"closed","ping_status":"open","sticky":false,"template":"","format":"standard","meta":{"neve_meta_sidebar":"","neve_meta_container":"","neve_meta_enable_content_width":"","neve_meta_content_width":0,"neve_meta_title_alignment":"","neve_meta_author_avatar":"","neve_post_elements_order":"","neve_meta_disable_header":"","neve_meta_disable_footer":"","neve_meta_disable_title":"","_themeisle_gutenberg_block_has_review":false,"footnotes":""},"categories":[56],"tags":[],"class_list":["post-5116","post","type-post","status-publish","format-standard","hentry","category-aktuelles-2024-25"],"_links":{"self":[{"href":"https:\/\/vs-durach.de\/index.php\/wp-json\/wp\/v2\/posts\/5116","targetHints":{"allow":["GET"]}}],"collection":[{"href":"https:\/\/vs-durach.de\/index.php\/wp-json\/wp\/v2\/posts"}],"about":[{"href":"https:\/\/vs-durach.de\/index.php\/wp-json\/wp\/v2\/types\/post"}],"author":[{"embeddable":true,"href":"https:\/\/vs-durach.de\/index.php\/wp-json\/wp\/v2\/users\/13"}],"replies":[{"embeddable":true,"href":"https:\/\/vs-durach.de\/index.php\/wp-json\/wp\/v2\/comments?post=5116"}],"version-history":[{"count":3,"href":"https:\/\/vs-durach.de\/index.php\/wp-json\/wp\/v2\/posts\/5116\/revisions"}],"predecessor-version":[{"id":5128,"href":"https:\/\/vs-durach.de\/index.php\/wp-json\/wp\/v2\/posts\/5116\/revisions\/5128"}],"wp:attachment":[{"href":"https:\/\/vs-durach.de\/index.php\/wp-json\/wp\/v2\/media?parent=5116"}],"wp:term":[{"taxonomy":"category","embeddable":true,"href":"https:\/\/vs-durach.de\/index.php\/wp-json\/wp\/v2\/categories?post=5116"},{"taxonomy":"post_tag","embeddable":true,"href":"https:\/\/vs-durach.de\/index.php\/wp-json\/wp\/v2\/tags?post=5116"}],"curies":[{"name":"wp","href":"https:\/\/api.w.org\/{rel}","templated":true}]}}