{"id":5130,"date":"2025-08-06T14:32:52","date_gmt":"2025-08-06T12:32:52","guid":{"rendered":"https:\/\/vs-durach.de\/?p=5130"},"modified":"2025-08-06T14:34:16","modified_gmt":"2025-08-06T12:34:16","slug":"infomationen-zum-schuljahresende","status":"publish","type":"post","link":"https:\/\/vs-durach.de\/index.php\/2025\/08\/06\/infomationen-zum-schuljahresende\/","title":{"rendered":"Infomationen zum Schuljahresende"},"content":{"rendered":"\n<p>Sehr geehrte Eltern,<br>liebe Sch\u00fclerinnen und Sch\u00fcler,<br>die letzten beiden Schulwochen stehen an und in K\u00fcrze beginnen die bayerischen Sommerferien. Nach<br>einem arbeitsamen wie abwechslungsreichen und durchaus erfolgreichen Schuljahr freuen wir uns alle<br>auf die wohlverdienten Ferien. G\u00f6nnen Sie sich und Ihren Kindern die Ferien zur Entspannung und<br>Erholung, damit Ihre Kinder das neue Schuljahr ausgeruht und mit viel Elan neu angehen k\u00f6nnen.<br>Zum Ende des Schuljahres darf ich mich noch herzlich bedanken f\u00fcr die vielen Gespr\u00e4che, die gepr\u00e4gt<br>waren von gegenseitiger Wertsch\u00e4tzung und Offenheit.<br>Ein besonderer Dank geht an den Elternbeirat. Er unterst\u00fctzt die Schule im Rahmen seiner Zust\u00e4ndigkeit<br>tatkr\u00e4ftig. Schlie\u00dflich danke ich Ihnen, auch im Namen des gesamten Kollegiums und der Mitarbeiter, f\u00fcr<br>das sp\u00fcrbare Vertrauen, das Sie unserer Schule entgegenbringen.<br>Mit freundlichen Gr\u00fc\u00dfen<br>G\u00fcnter Frank, Rektor<\/p>\n\n\n\n<h3 class=\"wp-block-heading\">Quali- und M10 Pr\u00fcfungen<\/h3>\n\n\n\n<p>Insgesamt durchaus Erfreuliches gibt es von unseren diesj\u00e4hrigen Entlass-Sch\u00fclern zu berichten.<br>Zun\u00e4chst einmal haben alle 23 Sch\u00fcler der Klasse 9a den erfolgreichen Abschluss der Mittelschule<br>geschafft. Den bekommt man ohne besondere Pr\u00fcfung, indem man in dieser 9. Jahrgangsstufe solche<br>Zeugnisnoten aufweist, dass man das Klassenziel erreicht hat. Dar\u00fcber hinaus erreichten, sozusagen als<br>besonders \u201eSahneh\u00e4ubchen\u201c, 16 Sch\u00fclerinnen und Sch\u00fcler den qualifizierenden Abschluss der<br>Mittelschule (= Quali). Dazu muss man sich in f\u00fcnf F\u00e4chern einer besonderen Pr\u00fcfung unterziehen und<br>in diesen F\u00e4chern darf der Notendurchschnitt aus Jahresnoten und Pr\u00fcfungsnoten nicht schlechter als<br>3,0 sein \u2013 also durchaus anspruchsvolle Vorgaben.<\/p>\n\n\n\n<h5 class=\"wp-block-heading\">Unsere besten Quali-Sch\u00fcler aus der Klasse 9a:<\/h5>\n\n\n\n<p>Sofia Kunert 2,0<br>Sebastian Maurer 2,1<br>Jonas \u00dcbelh\u00f6r 2,2<br>Vanessa Weihele 2,2<\/p>\n\n\n\n<p>In der Klasse M10 ist die Abschlusspr\u00fcfung nicht freiwillig, sondern Pflicht, denn dadurch wird ja der<br>Mittlere Schulabschluss erworben. Hier sind Pr\u00fcfungen in vier F\u00e4chern f\u00e4llig, denen sich in beiden<br>Klassen Sch\u00fcler mit Erfolg unterzogen haben.<\/p>\n\n\n\n<h5 class=\"wp-block-heading\">Die besten M10-Sch\u00fcler:<\/h5>\n\n\n\n<p>Linus Finkenzeller 1,8<br>Silas Bechteler 2,0<br>Magdalena Thums 2,0<br>Mattli Wagner 2,0<\/p>\n\n\n\n<p>Unsere besten W\u00fcnsche begleiten die 47 Abschluss-Sch\u00fcler f\u00fcr ihre Zukunft!<\/p>\n\n\n\n<h3 class=\"wp-block-heading\">Soziales Engagement<\/h3>\n\n\n\n<p>In freiwilligen Arbeitsgemeinschaften geben wir Sch\u00fclern Gelegenheit, ihre Pers\u00f6nlichkeit und<br>Sozialkompetenz zu entwickeln und sich f\u00fcr die Schulgemeinschaft einzusetzen. Immer wieder best\u00e4tigen<br>uns Firmeninhaber und Personalchefs, wie positiv so etwas bei einer Lehrstellenbewerbung wirkt.<br>Heute bedanken wir uns bei den Sch\u00fclern, die \u2013 oft nach jahrelangem Einsatz \u2013 aus den verschiedenen<br>AGs ausscheiden:<br><strong>Pausenhelfer:<\/strong><br>Bis auf wenige Ausnahmen \u00fcbernehmen die Sch\u00fclerinnen und Sch\u00fcler der 10. Klasse die Aufgabe zu<br>Beginn der Pause daf\u00fcr zu sorgen, dass alle Kinder der Schule ihren Pausenaufenthalt am richtigen Ort<br>finden. Ein gro\u00dfes \u201cDankesch\u00f6n\u201d von allen Lehrkr\u00e4ften daf\u00fcr.<br><strong>Sch\u00fclerlotsen<\/strong><br>Laura Fu\u00df (9. Klasse); Laura Moitzi (10. Klasse); Anna Streitle (10. Klasse); Magdalena Thums (10.<br>Klasse); Mattli Wagner (10. Klasse)<br><strong>Streitschlichter<\/strong><br>Laura Fu\u00df (9. Klasse)<br><strong>Sch\u00fclersprecherin<\/strong><br>Leonie Reisacher (10. Klasse)<\/p>\n\n\n\n<h3 class=\"wp-block-heading\">VERZICHT AUF NACHTEILSAUSGLEICH \/ NOTENSCHUTZ BEI<br>LESE-\/RECHTSCHREIBST\u00d6RUNGEN<\/h3>\n\n\n\n<p>Die Erziehungsberechtigten k\u00f6nnen bei der Schulleitung beantragen, dass ein bewilligter<br>Nachteilsausgleich oder Notenschutz nicht mehr gew\u00e4hrt wird. Ein Verzicht auf Notenschutz ist<br>sp\u00e4testens innerhalb der ersten Woche nach Unterrichtsbeginn zu erkl\u00e4ren.<\/p>\n\n\n\n<h3 class=\"wp-block-heading\">RELIGIONSUNTERRICHT IM SCHULJAHR 2024\/25<\/h3>\n\n\n\n<p>Der Religionsunterricht ist nach den Vorgaben der Verfassung des Freistaates Bayern an den<br>bayerischen Schulen f\u00fcr die bekenntnisangeh\u00f6rigen Sch\u00fcler Pflichtfach. Es besteht jedoch das Recht,<br>sich vom Religionsunterricht durch \u201eschriftliche Willenserkl\u00e4rung der Erziehungsberechtigten\u201c abzumelden. Die Abmeldung vom Religionsunterricht kann nur aus Glaubens- und Gewissensgr\u00fcnden<br>erfolgen. Dies muss sp\u00e4testens am letzten Unterrichtstag dieses Schuljahres f\u00fcr das kommende<br>Schuljahr erfolgen. Diese Abmeldung gilt f\u00fcr die Zeit des Verbleibens an der Grund- und Mittelschule<br>Durach, solange sie nicht widerrufen wird. Im Falle einer Abmeldung wird f\u00fcr die betreffenden Sch\u00fcler<br>das Fach Ethik zum Pflichtfach.<\/p>\n\n\n\n<h3 class=\"wp-block-heading\">B\u00dcROZEITEN IN DEN FERIEN<\/h3>\n\n\n\n<p>W\u00e4hrend der Ferien ist unser B\u00fcro zu folgenden Zeiten ge\u00f6ffnet:<br>29.07. \u2013 31.07.2024 08:30 \u2013 12:00 Uhr<br>04.09. \u2013 06.09.2024 08:30 \u2013 12:00 Uhr<\/p>\n\n\n\n<h3 class=\"wp-block-heading\">Termine im neuen Schuljahr<\/h3>\n\n\n\n<p><\/p>\n\n\n\n<p>Dienstag, 10.09.2024 Erster Schultag \u2013 Unterrichtsende 11.20 Uhr<br>Mittwoch, 11.09. 2024 Unterrichtende 11.20 Uhr<br>Ab Donnerstag, 12.09.2024 Stundenplanm\u00e4\u00dfiger Unterricht, ohne Nachmittagsunterricht<\/p>\n\n\n\n<p><strong>BUSSE<\/strong>: in den beiden ersten Wochen fahren die Busse zu allen Mittagszeiten (11:20 Uhr, 12:15 Uhr<br>und 13:00 Uhr). In der ersten Woche f\u00e4hrt am Nachmittag nur der Schulbus nach Weidach\/Sulzberg um<br>15:15 Uhr. Ab der zweiten Woche fahren alle Busse auch am Nachmittag (15:15 Uhr und 16:45 Uhr) f\u00fcr<br>die dritte Woche werden die Zeiten an den Stundenplan und die OGTS angepasst &#8211; anschlie\u00dfend wird<br>der Busplan final erstellt und auf der Homepage ver\u00f6ffentlicht. Wir informieren zus\u00e4tzlich \u00fcber edoop!<br>OGTS: Steht ab dem 1. Schultag in voller Besetzung mit den jeweiligen gebuchten Zeiten zur<br>Verf\u00fcgung!<\/p>\n\n\n\n<h3 class=\"wp-block-heading\">Zum Nachdenken<\/h3>\n\n\n\n<p>Ein Spruch von Mahatma Gandhi (1869 \u2013 1948), der besonders gut zur Ferienzeit passt:<br><em><mark style=\"background-color:rgba(0, 0, 0, 0)\" class=\"has-inline-color has-neve-link-color-color\">Es gibt Wichtigeres im Leben<br>als best\u00e4ndig dessen Geschwindigkeit zu erh\u00f6hen.<\/mark><\/em><br>Sch\u00f6ne Ferien und eine erholsame Zeit w\u00fcnschen<br>gez. G\u00fcnter Frank mit dem Schulleitungsteam<\/p>\n","protected":false},"excerpt":{"rendered":"<p>Sehr geehrte Eltern,liebe Sch\u00fclerinnen und Sch\u00fcler,die letzten beiden Schulwochen stehen an und in K\u00fcrze beginnen die bayerischen Sommerferien. Nacheinem arbeitsamen wie abwechslungsreichen und durchaus erfolgreichen Schuljahr freuen wir uns alleauf die wohlverdienten Ferien. G\u00f6nnen Sie sich und Ihren Kindern die Ferien zur Entspannung undErholung, damit Ihre Kinder das neue Schuljahr ausgeruht und mit viel Elan&hellip;&nbsp;<a href=\"https:\/\/vs-durach.de\/index.php\/2025\/08\/06\/infomationen-zum-schuljahresende\/\" rel=\"bookmark\">Weiterlesen &raquo;<span class=\"screen-reader-text\">Infomationen zum Schuljahresende<\/span><\/a><\/p>\n","protected":false},"author":13,"featured_media":0,"comment_status":"closed","ping_status":"open","sticky":false,"template":"","format":"standard","meta":{"neve_meta_sidebar":"","neve_meta_container":"","neve_meta_enable_content_width":"","neve_meta_content_width":0,"neve_meta_title_alignment":"","neve_meta_author_avatar":"","neve_post_elements_order":"","neve_meta_disable_header":"","neve_meta_disable_footer":"","neve_meta_disable_title":"","_themeisle_gutenberg_block_has_review":false,"footnotes":""},"categories":[56],"tags":[],"class_list":["post-5130","post","type-post","status-publish","format-standard","hentry","category-aktuelles-2024-25"],"_links":{"self":[{"href":"https:\/\/vs-durach.de\/index.php\/wp-json\/wp\/v2\/posts\/5130","targetHints":{"allow":["GET"]}}],"collection":[{"href":"https:\/\/vs-durach.de\/index.php\/wp-json\/wp\/v2\/posts"}],"about":[{"href":"https:\/\/vs-durach.de\/index.php\/wp-json\/wp\/v2\/types\/post"}],"author":[{"embeddable":true,"href":"https:\/\/vs-durach.de\/index.php\/wp-json\/wp\/v2\/users\/13"}],"replies":[{"embeddable":true,"href":"https:\/\/vs-durach.de\/index.php\/wp-json\/wp\/v2\/comments?post=5130"}],"version-history":[{"count":1,"href":"https:\/\/vs-durach.de\/index.php\/wp-json\/wp\/v2\/posts\/5130\/revisions"}],"predecessor-version":[{"id":5131,"href":"https:\/\/vs-durach.de\/index.php\/wp-json\/wp\/v2\/posts\/5130\/revisions\/5131"}],"wp:attachment":[{"href":"https:\/\/vs-durach.de\/index.php\/wp-json\/wp\/v2\/media?parent=5130"}],"wp:term":[{"taxonomy":"category","embeddable":true,"href":"https:\/\/vs-durach.de\/index.php\/wp-json\/wp\/v2\/categories?post=5130"},{"taxonomy":"post_tag","embeddable":true,"href":"https:\/\/vs-durach.de\/index.php\/wp-json\/wp\/v2\/tags?post=5130"}],"curies":[{"name":"wp","href":"https:\/\/api.w.org\/{rel}","templated":true}]}}