{"id":5140,"date":"2025-10-22T11:09:31","date_gmt":"2025-10-22T09:09:31","guid":{"rendered":"https:\/\/vs-durach.de\/?p=5140"},"modified":"2025-10-22T11:09:33","modified_gmt":"2025-10-22T09:09:33","slug":"bericht-ueber-die-einblick-fahrten-2025","status":"publish","type":"post","link":"https:\/\/vs-durach.de\/index.php\/2025\/10\/22\/bericht-ueber-die-einblick-fahrten-2025\/","title":{"rendered":"Bericht \u00fcber die EinBLICK- Fahrten \u00a02025"},"content":{"rendered":"\n<p>Im Rahmen der schulischen Berufsorientierung der MS Durach fanden auch in diesem Schuljahr wieder zwei Berufserkundungstage f\u00fcr die Sch\u00fclerinnen und Sch\u00fcler der Regel- und M-Klassen statt. Ziel war es, praxisnahe Einblicke in verschiedene Berufsfelder und Branchen zu erm\u00f6glichen und die Jugendlichen bei ihrer beruflichen Entscheidungsfindung zu unterst\u00fctzen.<\/p>\n\n\n\n<h4 class=\"wp-block-heading\">Berufserkundungstag der Regelklassen \u2013 Dienstag, 07.10.2025<\/h4>\n\n\n\n<p>Am 07. Oktober 2025 nahmen insgesamt 121 Sch\u00fclerinnen und Sch\u00fcler der Regelklassen an dem Berufsorientierungstag teil. Im Vorfeld konnten die Jugendlichen aus sechs verschiedenen Routen w\u00e4hlen, wobei jede Route den Besuch von zwei regionalen Betrieben im Oberallg\u00e4u umfasste.<br>Vor Ort erhielten die Sch\u00fcler Einblicke in die jeweiligen Unternehmensabl\u00e4ufe, verschiedene Berufsbilder und Ausbildungswege. Die Betriebsbesichtigungen wurden h\u00e4ufig durch praktische \u00dcbungen, interaktive Stationen oder Gespr\u00e4che mit Auszubildenden und Fachkr\u00e4ften erg\u00e4nzt. Die vielf\u00e4ltigen Eindr\u00fccke boten eine wertvolle Orientierungshilfe f\u00fcr die sp\u00e4tere Berufswahl.<\/p>\n\n\n\n<h4 class=\"wp-block-heading\">EinBLick- Fahrt der M-Klassen \u2013 Donnerstag, 09.10.2025<\/h4>\n\n\n\n<p>Zwei Tage sp\u00e4ter, am Donnerstag, den 09. Oktober 2025, fand der Berufserkundungstag f\u00fcr die M-Klassen statt. 102 Sch\u00fclerinnen und Sch\u00fcler waren von 8:00 bis 15:15 Uhr unterwegs und besuchten jeweils zwei Betriebe aus einem Angebot von acht verschiedenen Linien. Die Betriebe stellten Berufe vor, die sie auch mit dem Abschluss der Mittleren Reife aus\u00fcben k\u00f6nnen.<br>Auch hier standen praxisnahe Erfahrungen im Mittelpunkt: Die Jugendlichen konnten an F\u00fchrungen teilnehmen, verschiedene Arbeitsprozesse kennenlernen und in zahlreichen F\u00e4llen selbst aktiv werden. Viele Betriebe boten zus\u00e4tzlich Workshops oder kleine Arbeitsproben an, um ein m\u00f6glichst realistisches Bild der jeweiligen Berufe zu vermitteln.<\/p>\n\n\n\n<h4 class=\"wp-block-heading\">Fazit<\/h4>\n\n\n\n<p>Beide Tage boten den Sch\u00fclerinnen und Sch\u00fclern wertvolle Gelegenheiten, berufliche Interessen zu entdecken, Fragen zu stellen und erste Kontakte mit Ausbildungsbetrieben in der Region zu kn\u00fcpfen. Die positive R\u00fcckmeldung seitens der Sch\u00fcler wie auch der beteiligten Betriebe zeigt, wie wichtig und gewinnbringend solche praxisorientierten Ma\u00dfnahmen f\u00fcr die berufliche Orientierung sind.<\/p>\n\n\n\n<figure class=\"wp-block-image size-full\"><img fetchpriority=\"high\" decoding=\"async\" width=\"912\" height=\"603\" src=\"https:\/\/vs-durach.de\/wp-content\/uploads\/2025\/10\/Bild1.jpg\" alt=\"\" class=\"wp-image-5141\" srcset=\"https:\/\/vs-durach.de\/wp-content\/uploads\/2025\/10\/Bild1.jpg 912w, https:\/\/vs-durach.de\/wp-content\/uploads\/2025\/10\/Bild1-300x198.jpg 300w, https:\/\/vs-durach.de\/wp-content\/uploads\/2025\/10\/Bild1-768x508.jpg 768w\" sizes=\"(max-width: 912px) 100vw, 912px\" \/><\/figure>\n\n\n\n<figure class=\"wp-block-image size-full\"><img decoding=\"async\" width=\"465\" height=\"737\" src=\"https:\/\/vs-durach.de\/wp-content\/uploads\/2025\/10\/Bild2.jpg\" alt=\"\" class=\"wp-image-5142\" srcset=\"https:\/\/vs-durach.de\/wp-content\/uploads\/2025\/10\/Bild2.jpg 465w, https:\/\/vs-durach.de\/wp-content\/uploads\/2025\/10\/Bild2-189x300.jpg 189w\" sizes=\"(max-width: 465px) 100vw, 465px\" \/><\/figure>\n","protected":false},"excerpt":{"rendered":"<p>Im Rahmen der schulischen Berufsorientierung der MS Durach fanden auch in diesem Schuljahr wieder zwei Berufserkundungstage f\u00fcr die Sch\u00fclerinnen und Sch\u00fcler der Regel- und M-Klassen statt. Ziel war es, praxisnahe Einblicke in verschiedene Berufsfelder und Branchen zu erm\u00f6glichen und die Jugendlichen bei ihrer beruflichen Entscheidungsfindung zu unterst\u00fctzen. Berufserkundungstag der Regelklassen \u2013 Dienstag, 07.10.2025 Am 07.&hellip;&nbsp;<a href=\"https:\/\/vs-durach.de\/index.php\/2025\/10\/22\/bericht-ueber-die-einblick-fahrten-2025\/\" rel=\"bookmark\">Weiterlesen &raquo;<span class=\"screen-reader-text\">Bericht \u00fcber die EinBLICK- Fahrten \u00a02025<\/span><\/a><\/p>\n","protected":false},"author":13,"featured_media":0,"comment_status":"closed","ping_status":"open","sticky":false,"template":"","format":"standard","meta":{"neve_meta_sidebar":"","neve_meta_container":"","neve_meta_enable_content_width":"","neve_meta_content_width":0,"neve_meta_title_alignment":"","neve_meta_author_avatar":"","neve_post_elements_order":"","neve_meta_disable_header":"","neve_meta_disable_footer":"","neve_meta_disable_title":"","_themeisle_gutenberg_block_has_review":false,"footnotes":""},"categories":[64],"tags":[],"class_list":["post-5140","post","type-post","status-publish","format-standard","hentry","category-aktuelles-2025-2026"],"_links":{"self":[{"href":"https:\/\/vs-durach.de\/index.php\/wp-json\/wp\/v2\/posts\/5140","targetHints":{"allow":["GET"]}}],"collection":[{"href":"https:\/\/vs-durach.de\/index.php\/wp-json\/wp\/v2\/posts"}],"about":[{"href":"https:\/\/vs-durach.de\/index.php\/wp-json\/wp\/v2\/types\/post"}],"author":[{"embeddable":true,"href":"https:\/\/vs-durach.de\/index.php\/wp-json\/wp\/v2\/users\/13"}],"replies":[{"embeddable":true,"href":"https:\/\/vs-durach.de\/index.php\/wp-json\/wp\/v2\/comments?post=5140"}],"version-history":[{"count":1,"href":"https:\/\/vs-durach.de\/index.php\/wp-json\/wp\/v2\/posts\/5140\/revisions"}],"predecessor-version":[{"id":5143,"href":"https:\/\/vs-durach.de\/index.php\/wp-json\/wp\/v2\/posts\/5140\/revisions\/5143"}],"wp:attachment":[{"href":"https:\/\/vs-durach.de\/index.php\/wp-json\/wp\/v2\/media?parent=5140"}],"wp:term":[{"taxonomy":"category","embeddable":true,"href":"https:\/\/vs-durach.de\/index.php\/wp-json\/wp\/v2\/categories?post=5140"},{"taxonomy":"post_tag","embeddable":true,"href":"https:\/\/vs-durach.de\/index.php\/wp-json\/wp\/v2\/tags?post=5140"}],"curies":[{"name":"wp","href":"https:\/\/api.w.org\/{rel}","templated":true}]}}