{"id":5144,"date":"2025-10-22T11:13:55","date_gmt":"2025-10-22T09:13:55","guid":{"rendered":"https:\/\/vs-durach.de\/?p=5144"},"modified":"2025-10-22T11:13:56","modified_gmt":"2025-10-22T09:13:56","slug":"neuer-vorsitz-beim-elternbeirat","status":"publish","type":"post","link":"https:\/\/vs-durach.de\/index.php\/2025\/10\/22\/neuer-vorsitz-beim-elternbeirat\/","title":{"rendered":"Neuer Vorsitz beim Elternbeirat"},"content":{"rendered":"\n<p>Liebe Eltern, Sch\u00fcler und Lehrer,<br>ich m\u00f6chte mich herzlich f\u00fcr das Vertrauen bedanken, dass Sie mir in der vergangenen Zeit in meiner Position als Elternbeiratsvorsitzende entgegengebracht haben. Es war mir eine gro\u00dfe Freude, die Interessen unserer Kinder und Familien gemeinsam mit dem engagierten Elternbeirat vertreten zu d\u00fcrfen.<br>Dank Ihrer Unterst\u00fctzung und der guten Zusammenarbeit mit dem Schulteam konnten wir in diesem Jahr einige Anschaffungen t\u00e4tigen und Projekte umsetzten.<br>Besonders freuen wir uns \u00fcber die umfangreiche Schulbibliothek, die zun\u00e4chst aus Buch-Spenden von den Eltern und dann durch erg\u00e4nzende Anschaffungen durch den Elternbeirat gestaltet wurde. Einen herzlichen Dank an Frau Wezel f\u00fcr ihren Einsatz sowie an Frau Gierl f\u00fcr die Fortsetzung. Den Kindern steht nun eine gro\u00dfe Auswahl an Lesematerial zur Verf\u00fcgung.<br>F\u00fcr die OGTS (Offene ganztags Schule) unter der Leitung von Sarah Steinforth gab es neue Spielsachen sowie Kopfh\u00f6rer f\u00fcr die Kinder. Au\u00dferdem konnten wir durch eine Umfrage und Bedarfsermittlung eine zus\u00e4tzliche Abholzeit der Kinder um 14 Uhr erm\u00f6glichen, die vor allem den teilzeitarbeitenden Eltern zeitlich mehr Spielraum zul\u00e4sst. Als Grundvoraussetzung musste gew\u00e4hrleistet sein, dass ein Bus die Kinder nach Hause bringt. Ein Dank gilt hier der Gemeinde Durach, die f\u00fcr den zus\u00e4tzlichen Bus die Kosten \u00fcbernommen hat.<br>Ab der 7. Jahrgangsstufe findet der Unterricht digital statt. Um jedem Kind den Zugang zu den digitalen Medien zu erm\u00f6glichen, unterst\u00fctzte der EB hier die Anschaffung eines Tablets-Koffers mit Ersatz-Ger\u00e4ten. F\u00fcr die digitale Ausstattung an der Schule ist Frau Bettina Eberle zust\u00e4ndig,<br>F\u00fcr die Schulanf\u00e4nger hatte Frau Hertle eine tolle und nachhaltige Idee. Sie fragte uns, ob wir die Anschaffung von Schultafeln f\u00fcr die Kinder mitfinanzieren k\u00f6nnten. Diese kleinen Tafeln sind mit Stift und Schwamm ausger\u00fcstet. Auf diesen abwischbaren Tafeln k\u00f6nnen die Kinder ihre Schreib\u00fcbungen erledigen. Dadurch kann eine gro\u00dfe Menge an Papier eingespart werden. Au\u00dferdem werden sie an die jeweiligen Schulanf\u00e4nger weitergegeben und k\u00f6nnen mehrere Jahre verwendet werden.<br>In den vergangenen Jahren durfte ich viele spannende Einblicke in das Schulleben gewinnen, Ich habe die Abl\u00e4ufe und Strukturen innerhalb der Schule besser kennengelernt und verstanden, wie viel Engagement und Organisation hinter dem Schulalltag steckt und zolle daf\u00fcr der Lehrerschaft, dem Rektorat und dem Sekretariat meinen gr\u00f6\u00dften Respekt.<\/p>\n\n\n\n<p>Ein gro\u00dfes Danke gilt:<\/p>\n\n\n\n<ul class=\"wp-block-list\">\n<li>Den Eltern f\u00fcr die unz\u00e4hligen Kuchenspenden sowie der Hilfe bei den vielen Schulveranstaltungen, die erst dadurch m\u00f6glich gemacht wurden<\/li>\n\n\n\n<li>Dem Bauhof f\u00fcr die Unterst\u00fctzung bei den Abschlussfeiern und Sommerfesten<\/li>\n\n\n\n<li>Dem Rektorat und der Lehrerschaft f\u00fcr das entgegengebrachte Vertrauen und deren Freundschaft<\/li>\n\n\n\n<li>Und vor allem dem gesamten Elternbeirat f\u00fcr die unglaubliche Unterst\u00fctzung, die konstruktiven Gespr\u00e4che und die Freundschaften, die daraus entstanden sind.<\/li>\n<\/ul>\n\n\n\n<p>Nach 10 Jahren als Mitglied, davon 7 Jahre als Vorstand darf ich den Vorstand an Diana Sailer \u00fcbergeben.<br>Ihr und dem ganzen Beirat w\u00fcnsche ich ein gutes Gelingen, viele gute Ideen, offene Gespr\u00e4che und eine lebendige Gemeinschaft mit der Schule.<br>Nur gemeinsam konnten\/k\u00f6nnen wir viel bewegen.<br>Lieben Gru\u00df<br>Michaela Herz<\/p>\n","protected":false},"excerpt":{"rendered":"<p>Liebe Eltern, Sch\u00fcler und Lehrer,ich m\u00f6chte mich herzlich f\u00fcr das Vertrauen bedanken, dass Sie mir in der vergangenen Zeit in meiner Position als Elternbeiratsvorsitzende entgegengebracht haben. Es war mir eine gro\u00dfe Freude, die Interessen unserer Kinder und Familien gemeinsam mit dem engagierten Elternbeirat vertreten zu d\u00fcrfen.Dank Ihrer Unterst\u00fctzung und der guten Zusammenarbeit mit dem Schulteam&hellip;&nbsp;<a href=\"https:\/\/vs-durach.de\/index.php\/2025\/10\/22\/neuer-vorsitz-beim-elternbeirat\/\" rel=\"bookmark\">Weiterlesen &raquo;<span class=\"screen-reader-text\">Neuer Vorsitz beim Elternbeirat<\/span><\/a><\/p>\n","protected":false},"author":13,"featured_media":0,"comment_status":"closed","ping_status":"open","sticky":false,"template":"","format":"standard","meta":{"neve_meta_sidebar":"","neve_meta_container":"","neve_meta_enable_content_width":"","neve_meta_content_width":0,"neve_meta_title_alignment":"","neve_meta_author_avatar":"","neve_post_elements_order":"","neve_meta_disable_header":"","neve_meta_disable_footer":"","neve_meta_disable_title":"","_themeisle_gutenberg_block_has_review":false,"footnotes":""},"categories":[64],"tags":[],"class_list":["post-5144","post","type-post","status-publish","format-standard","hentry","category-aktuelles-2025-2026"],"_links":{"self":[{"href":"https:\/\/vs-durach.de\/index.php\/wp-json\/wp\/v2\/posts\/5144","targetHints":{"allow":["GET"]}}],"collection":[{"href":"https:\/\/vs-durach.de\/index.php\/wp-json\/wp\/v2\/posts"}],"about":[{"href":"https:\/\/vs-durach.de\/index.php\/wp-json\/wp\/v2\/types\/post"}],"author":[{"embeddable":true,"href":"https:\/\/vs-durach.de\/index.php\/wp-json\/wp\/v2\/users\/13"}],"replies":[{"embeddable":true,"href":"https:\/\/vs-durach.de\/index.php\/wp-json\/wp\/v2\/comments?post=5144"}],"version-history":[{"count":1,"href":"https:\/\/vs-durach.de\/index.php\/wp-json\/wp\/v2\/posts\/5144\/revisions"}],"predecessor-version":[{"id":5145,"href":"https:\/\/vs-durach.de\/index.php\/wp-json\/wp\/v2\/posts\/5144\/revisions\/5145"}],"wp:attachment":[{"href":"https:\/\/vs-durach.de\/index.php\/wp-json\/wp\/v2\/media?parent=5144"}],"wp:term":[{"taxonomy":"category","embeddable":true,"href":"https:\/\/vs-durach.de\/index.php\/wp-json\/wp\/v2\/categories?post=5144"},{"taxonomy":"post_tag","embeddable":true,"href":"https:\/\/vs-durach.de\/index.php\/wp-json\/wp\/v2\/tags?post=5144"}],"curies":[{"name":"wp","href":"https:\/\/api.w.org\/{rel}","templated":true}]}}