{"id":5146,"date":"2025-10-22T11:57:49","date_gmt":"2025-10-22T09:57:49","guid":{"rendered":"https:\/\/vs-durach.de\/?p=5146"},"modified":"2025-10-22T11:57:51","modified_gmt":"2025-10-22T09:57:51","slug":"stark-auch-ohne-muckis-schuljahr-2025-2026","status":"publish","type":"post","link":"https:\/\/vs-durach.de\/index.php\/2025\/10\/22\/stark-auch-ohne-muckis-schuljahr-2025-2026\/","title":{"rendered":"Stark auch ohne Muckis \u2013 Schuljahr 2025\/2026"},"content":{"rendered":"\n<p>Dank gro\u00dfz\u00fcgigen Spenden vom Landratsamt Oberallg\u00e4u und von Herrn Ils konnten auch in diesem Schuljahr wieder alle ersten und f\u00fcnften Klassen am Projekt \u201eStark auch ohne Muckis\u201c von Christina Rathgeber teilnehmen.<br>Das Projekt vermittelt Kindern wichtige Kompetenzen f\u00fcr ein selbstbewusstes und gewaltfreies Miteinander. Im Mittelpunkt steht dabei, wie Sch\u00fcler und Sch\u00fclerinnen lernen, Konflikte selbstsicher zu l\u00f6sen, ohne auf Gewalt zur\u00fcckzugreifen oder sich provozieren zu lassen.<br>Auch die Eltern wurden aktiv in das Projekt eingebunden. Bei einem Elternabend erhielten sie einen informativen Einblick, wie ihre Kinder f\u00fcr die Herausforderungen des Lebens gest\u00e4rkt werden k\u00f6nnen<\/p>\n\n\n\n<figure class=\"wp-block-image size-full\"><img fetchpriority=\"high\" decoding=\"async\" width=\"781\" height=\"759\" src=\"https:\/\/vs-durach.de\/wp-content\/uploads\/2025\/10\/Bild1-1.jpg\" alt=\"\" class=\"wp-image-5147\" srcset=\"https:\/\/vs-durach.de\/wp-content\/uploads\/2025\/10\/Bild1-1.jpg 781w, https:\/\/vs-durach.de\/wp-content\/uploads\/2025\/10\/Bild1-1-300x292.jpg 300w, https:\/\/vs-durach.de\/wp-content\/uploads\/2025\/10\/Bild1-1-768x746.jpg 768w\" sizes=\"(max-width: 781px) 100vw, 781px\" \/><\/figure>\n\n\n\n<p>.<\/p>\n\n\n\n<p><\/p>\n","protected":false},"excerpt":{"rendered":"<p>Dank gro\u00dfz\u00fcgigen Spenden vom Landratsamt Oberallg\u00e4u und von Herrn Ils konnten auch in diesem Schuljahr wieder alle ersten und f\u00fcnften Klassen am Projekt \u201eStark auch ohne Muckis\u201c von Christina Rathgeber teilnehmen.Das Projekt vermittelt Kindern wichtige Kompetenzen f\u00fcr ein selbstbewusstes und gewaltfreies Miteinander. Im Mittelpunkt steht dabei, wie Sch\u00fcler und Sch\u00fclerinnen lernen, Konflikte selbstsicher zu l\u00f6sen,&hellip;&nbsp;<a href=\"https:\/\/vs-durach.de\/index.php\/2025\/10\/22\/stark-auch-ohne-muckis-schuljahr-2025-2026\/\" rel=\"bookmark\">Weiterlesen &raquo;<span class=\"screen-reader-text\">Stark auch ohne Muckis \u2013 Schuljahr 2025\/2026<\/span><\/a><\/p>\n","protected":false},"author":13,"featured_media":0,"comment_status":"closed","ping_status":"open","sticky":false,"template":"","format":"standard","meta":{"neve_meta_sidebar":"","neve_meta_container":"","neve_meta_enable_content_width":"","neve_meta_content_width":0,"neve_meta_title_alignment":"","neve_meta_author_avatar":"","neve_post_elements_order":"","neve_meta_disable_header":"","neve_meta_disable_footer":"","neve_meta_disable_title":"","_themeisle_gutenberg_block_has_review":false,"footnotes":""},"categories":[64],"tags":[],"class_list":["post-5146","post","type-post","status-publish","format-standard","hentry","category-aktuelles-2025-2026"],"_links":{"self":[{"href":"https:\/\/vs-durach.de\/index.php\/wp-json\/wp\/v2\/posts\/5146","targetHints":{"allow":["GET"]}}],"collection":[{"href":"https:\/\/vs-durach.de\/index.php\/wp-json\/wp\/v2\/posts"}],"about":[{"href":"https:\/\/vs-durach.de\/index.php\/wp-json\/wp\/v2\/types\/post"}],"author":[{"embeddable":true,"href":"https:\/\/vs-durach.de\/index.php\/wp-json\/wp\/v2\/users\/13"}],"replies":[{"embeddable":true,"href":"https:\/\/vs-durach.de\/index.php\/wp-json\/wp\/v2\/comments?post=5146"}],"version-history":[{"count":1,"href":"https:\/\/vs-durach.de\/index.php\/wp-json\/wp\/v2\/posts\/5146\/revisions"}],"predecessor-version":[{"id":5148,"href":"https:\/\/vs-durach.de\/index.php\/wp-json\/wp\/v2\/posts\/5146\/revisions\/5148"}],"wp:attachment":[{"href":"https:\/\/vs-durach.de\/index.php\/wp-json\/wp\/v2\/media?parent=5146"}],"wp:term":[{"taxonomy":"category","embeddable":true,"href":"https:\/\/vs-durach.de\/index.php\/wp-json\/wp\/v2\/categories?post=5146"},{"taxonomy":"post_tag","embeddable":true,"href":"https:\/\/vs-durach.de\/index.php\/wp-json\/wp\/v2\/tags?post=5146"}],"curies":[{"name":"wp","href":"https:\/\/api.w.org\/{rel}","templated":true}]}}