{"id":5152,"date":"2025-10-28T10:10:27","date_gmt":"2025-10-28T09:10:27","guid":{"rendered":"https:\/\/vs-durach.de\/?p=5152"},"modified":"2025-10-28T10:11:37","modified_gmt":"2025-10-28T09:11:37","slug":"adventskalender-gluecksmomente","status":"publish","type":"post","link":"https:\/\/vs-durach.de\/index.php\/2025\/10\/28\/adventskalender-gluecksmomente\/","title":{"rendered":"Adventskalender \u201eGl\u00fccksmomente\u201c"},"content":{"rendered":"\n<h4 class=\"wp-block-heading\">Gemeinsam Gutes Tun \u2013 Adventskalender \u201eGl\u00fccksmomente\u201c LionsClub Oy<br>in der Grund- und Mittelschule Durach erh\u00e4ltlich<\/h4>\n\n\n\n<p>Liebe Duracher,<\/p>\n\n\n\n<p>wir freuen uns, dass wir Ihnen auch dieses Jahr den LionsClub Adventskalender im Sekretariat der Grund- und Mittelschule anbieten k\u00f6nnen. Ein Kalender wird auch wie bisher mit 8,00 \u20ac\/St\u00fcck angeboten. Aus diesem Erl\u00f6s kommen 4,00 \u20ac direkt unserer Schule und somit direkt den Kindern zugute. Bitte beachten Sie, dass wir die Kalender nur in begrenzter St\u00fcckzahl vorr\u00e4tig haben und der Verkauf am 27.11.25 endet. (Vom 03.11-07.11.25 befinden wir uns in den Ferien!)<\/p>\n\n\n\n<p>Wir bedanken uns schon jetzt bei allen B\u00fcrgern f\u00fcr Ihre Unterst\u00fctzung und w\u00fcnschen Ihnen viel Gl\u00fcck beim t\u00e4glichen \u00d6ffnen und viel Freude mit dem Kalender.<\/p>\n\n\n\n<figure class=\"wp-block-image size-full\"><img fetchpriority=\"high\" decoding=\"async\" width=\"397\" height=\"552\" src=\"https:\/\/vs-durach.de\/wp-content\/uploads\/2025\/10\/Bild1.png\" alt=\"\" class=\"wp-image-5153\" srcset=\"https:\/\/vs-durach.de\/wp-content\/uploads\/2025\/10\/Bild1.png 397w, https:\/\/vs-durach.de\/wp-content\/uploads\/2025\/10\/Bild1-216x300.png 216w\" sizes=\"(max-width: 397px) 100vw, 397px\" \/><\/figure>\n","protected":false},"excerpt":{"rendered":"<p>Gemeinsam Gutes Tun \u2013 Adventskalender \u201eGl\u00fccksmomente\u201c LionsClub Oyin der Grund- und Mittelschule Durach erh\u00e4ltlich Liebe Duracher, wir freuen uns, dass wir Ihnen auch dieses Jahr den LionsClub Adventskalender im Sekretariat der Grund- und Mittelschule anbieten k\u00f6nnen. Ein Kalender wird auch wie bisher mit 8,00 \u20ac\/St\u00fcck angeboten. Aus diesem Erl\u00f6s kommen 4,00 \u20ac direkt unserer Schule&hellip;&nbsp;<a href=\"https:\/\/vs-durach.de\/index.php\/2025\/10\/28\/adventskalender-gluecksmomente\/\" rel=\"bookmark\">Weiterlesen &raquo;<span class=\"screen-reader-text\">Adventskalender \u201eGl\u00fccksmomente\u201c<\/span><\/a><\/p>\n","protected":false},"author":13,"featured_media":0,"comment_status":"closed","ping_status":"open","sticky":false,"template":"","format":"standard","meta":{"neve_meta_sidebar":"","neve_meta_container":"","neve_meta_enable_content_width":"","neve_meta_content_width":0,"neve_meta_title_alignment":"","neve_meta_author_avatar":"","neve_post_elements_order":"","neve_meta_disable_header":"","neve_meta_disable_footer":"","neve_meta_disable_title":"","_themeisle_gutenberg_block_has_review":false,"footnotes":""},"categories":[64],"tags":[],"class_list":["post-5152","post","type-post","status-publish","format-standard","hentry","category-aktuelles-2025-2026"],"_links":{"self":[{"href":"https:\/\/vs-durach.de\/index.php\/wp-json\/wp\/v2\/posts\/5152","targetHints":{"allow":["GET"]}}],"collection":[{"href":"https:\/\/vs-durach.de\/index.php\/wp-json\/wp\/v2\/posts"}],"about":[{"href":"https:\/\/vs-durach.de\/index.php\/wp-json\/wp\/v2\/types\/post"}],"author":[{"embeddable":true,"href":"https:\/\/vs-durach.de\/index.php\/wp-json\/wp\/v2\/users\/13"}],"replies":[{"embeddable":true,"href":"https:\/\/vs-durach.de\/index.php\/wp-json\/wp\/v2\/comments?post=5152"}],"version-history":[{"count":1,"href":"https:\/\/vs-durach.de\/index.php\/wp-json\/wp\/v2\/posts\/5152\/revisions"}],"predecessor-version":[{"id":5154,"href":"https:\/\/vs-durach.de\/index.php\/wp-json\/wp\/v2\/posts\/5152\/revisions\/5154"}],"wp:attachment":[{"href":"https:\/\/vs-durach.de\/index.php\/wp-json\/wp\/v2\/media?parent=5152"}],"wp:term":[{"taxonomy":"category","embeddable":true,"href":"https:\/\/vs-durach.de\/index.php\/wp-json\/wp\/v2\/categories?post=5152"},{"taxonomy":"post_tag","embeddable":true,"href":"https:\/\/vs-durach.de\/index.php\/wp-json\/wp\/v2\/tags?post=5152"}],"curies":[{"name":"wp","href":"https:\/\/api.w.org\/{rel}","templated":true}]}}