{"id":5302,"date":"2026-03-10T10:56:58","date_gmt":"2026-03-10T09:56:58","guid":{"rendered":"https:\/\/vs-durach.de\/?p=5302"},"modified":"2026-03-10T11:05:32","modified_gmt":"2026-03-10T10:05:32","slug":"grundschulwettbewerb-ski-nordisch","status":"publish","type":"post","link":"https:\/\/vs-durach.de\/index.php\/2026\/03\/10\/grundschulwettbewerb-ski-nordisch\/","title":{"rendered":"Grundschulwettbewerb Ski nordisch"},"content":{"rendered":"\t\t<div data-elementor-type=\"wp-post\" data-elementor-id=\"5302\" class=\"elementor elementor-5302\">\n\t\t\t\t\t\t<section class=\"elementor-section elementor-top-section elementor-element elementor-element-8e43a18 elementor-section-boxed elementor-section-height-default elementor-section-height-default\" data-id=\"8e43a18\" data-element_type=\"section\" data-e-type=\"section\">\n\t\t\t\t\t\t<div class=\"elementor-container elementor-column-gap-default\">\n\t\t\t\t\t<div class=\"elementor-column elementor-col-100 elementor-top-column elementor-element elementor-element-bf65f34\" data-id=\"bf65f34\" data-element_type=\"column\" data-e-type=\"column\">\n\t\t\t<div class=\"elementor-widget-wrap elementor-element-populated\">\n\t\t\t\t\t\t<div class=\"elementor-element elementor-element-d9d3338 elementor-widget elementor-widget-text-editor\" data-id=\"d9d3338\" data-element_type=\"widget\" data-e-type=\"widget\" data-widget_type=\"text-editor.default\">\n\t\t\t\t<div class=\"elementor-widget-container\">\n\t\t\t\t\t\t\t\t\t<p><strong>Grundschulwettbewerb Ski nordisch in Oberstdorf<\/strong><\/p><p>Bei besten Wetter- und Schneebedingungen fand im Langlaufstadion in Oberstdorf der diesj\u00e4hrige Grundschulwettbewerb Ski nordisch statt. Insgesamt nahmen 174 Sch\u00fclerinnen und Sch\u00fcler aus dem gesamten Oberallg\u00e4u an der Veranstaltung teil und sorgten f\u00fcr einen sportlichen und erlebnisreichen Tag im Schnee.<\/p><p>Auch die Grundschule Durach war mit einer Mannschaft am Start. Das Team bestand aus sechs Sch\u00fclerinnen und Sch\u00fclern, die sich gemeinsam den abwechslungsreichen Herausforderungen stellten. An insgesamt vier Stationen konnten die Kinder ihr K\u00f6nnen unter Beweis stellen: einer Biathlon-Staffel, einem Dschungelparcours mit koordinativen Aufgaben, einem Riesenslalom sowie einer Staffel.<\/p><p>Mit gro\u00dfer Motivation, viel Freude und sp\u00fcrbarer Begeisterung meisterten die jungen Sportlerinnen und Sportler die verschiedenen Aufgaben und sammelten dabei wertvolle Bewegungserfahrungen im Schnee.<\/p><p>Ein herzlicher Dank gilt Frau Gudermann, die die Mannschaft an diesem Tag engagiert betreut und unterst\u00fctzt hat.<\/p><p>Dirk Richter<\/p>\t\t\t\t\t\t\t\t<\/div>\n\t\t\t\t<\/div>\n\t\t\t\t\t<\/div>\n\t\t<\/div>\n\t\t\t\t\t<\/div>\n\t\t<\/section>\n\t\t\t\t<section class=\"elementor-section elementor-top-section elementor-element elementor-element-1db0cd6 elementor-section-boxed elementor-section-height-default elementor-section-height-default\" data-id=\"1db0cd6\" data-element_type=\"section\" data-e-type=\"section\">\n\t\t\t\t\t\t<div class=\"elementor-container elementor-column-gap-default\">\n\t\t\t\t\t<div class=\"elementor-column elementor-col-50 elementor-top-column elementor-element elementor-element-992c70a\" data-id=\"992c70a\" data-element_type=\"column\" data-e-type=\"column\">\n\t\t\t<div class=\"elementor-widget-wrap elementor-element-populated\">\n\t\t\t\t\t\t<div class=\"elementor-element elementor-element-326533e elementor-widget elementor-widget-image\" data-id=\"326533e\" data-element_type=\"widget\" data-e-type=\"widget\" data-widget_type=\"image.default\">\n\t\t\t\t<div class=\"elementor-widget-container\">\n\t\t\t\t\t\t\t\t\t\t\t\t\t\t\t\t<a href=\"https:\/\/vs-durach.de\/wp-content\/uploads\/2026\/03\/IMG_6073-scaled.jpeg\" data-elementor-open-lightbox=\"yes\" data-elementor-lightbox-title=\"IMG_6073\" data-e-action-hash=\"#elementor-action%3Aaction%3Dlightbox%26settings%3DeyJpZCI6NTMwNCwidXJsIjoiaHR0cHM6XC9cL3ZzLWR1cmFjaC5kZVwvd3AtY29udGVudFwvdXBsb2Fkc1wvMjAyNlwvMDNcL0lNR182MDczLXNjYWxlZC5qcGVnIn0%3D\">\n\t\t\t\t\t\t\t<img fetchpriority=\"high\" decoding=\"async\" width=\"225\" height=\"300\" src=\"https:\/\/vs-durach.de\/wp-content\/uploads\/2026\/03\/IMG_6073-scaled.jpeg\" class=\"attachment-medium size-medium wp-image-5304\" alt=\"\" \/>\t\t\t\t\t\t\t\t<\/a>\n\t\t\t\t\t\t\t\t\t\t\t\t\t\t\t<\/div>\n\t\t\t\t<\/div>\n\t\t\t\t\t<\/div>\n\t\t<\/div>\n\t\t\t\t<div class=\"elementor-column elementor-col-50 elementor-top-column elementor-element elementor-element-82a681e\" data-id=\"82a681e\" data-element_type=\"column\" data-e-type=\"column\">\n\t\t\t<div class=\"elementor-widget-wrap elementor-element-populated\">\n\t\t\t\t\t\t<div class=\"elementor-element elementor-element-32322b8 elementor-widget elementor-widget-image\" data-id=\"32322b8\" data-element_type=\"widget\" data-e-type=\"widget\" data-widget_type=\"image.default\">\n\t\t\t\t<div class=\"elementor-widget-container\">\n\t\t\t\t\t\t\t\t\t\t\t\t\t\t\t\t<a href=\"https:\/\/vs-durach.de\/wp-content\/uploads\/2026\/03\/IMG_6075-scaled.jpeg\" data-elementor-open-lightbox=\"yes\" data-elementor-lightbox-title=\"IMG_6075\" data-e-action-hash=\"#elementor-action%3Aaction%3Dlightbox%26settings%3DeyJpZCI6NTMwNSwidXJsIjoiaHR0cHM6XC9cL3ZzLWR1cmFjaC5kZVwvd3AtY29udGVudFwvdXBsb2Fkc1wvMjAyNlwvMDNcL0lNR182MDc1LXNjYWxlZC5qcGVnIn0%3D\">\n\t\t\t\t\t\t\t<img decoding=\"async\" width=\"300\" height=\"225\" src=\"https:\/\/vs-durach.de\/wp-content\/uploads\/2026\/03\/IMG_6075-300x225.jpeg\" class=\"attachment-medium size-medium wp-image-5305\" alt=\"\" \/>\t\t\t\t\t\t\t\t<\/a>\n\t\t\t\t\t\t\t\t\t\t\t\t\t\t\t<\/div>\n\t\t\t\t<\/div>\n\t\t\t\t\t<\/div>\n\t\t<\/div>\n\t\t\t\t\t<\/div>\n\t\t<\/section>\n\t\t\t\t<\/div>\n\t\t","protected":false},"excerpt":{"rendered":"<p>Grundschulwettbewerb Ski nordisch in Oberstdorf Bei besten Wetter- und Schneebedingungen fand im Langlaufstadion in Oberstdorf der diesj\u00e4hrige Grundschulwettbewerb Ski nordisch statt. Insgesamt nahmen 174 Sch\u00fclerinnen und Sch\u00fcler aus dem gesamten Oberallg\u00e4u an der Veranstaltung teil und sorgten f\u00fcr einen sportlichen und erlebnisreichen Tag im Schnee. Auch die Grundschule Durach war mit einer Mannschaft am Start.&hellip;&nbsp;<a href=\"https:\/\/vs-durach.de\/index.php\/2026\/03\/10\/grundschulwettbewerb-ski-nordisch\/\" rel=\"bookmark\">Weiterlesen &raquo;<span class=\"screen-reader-text\">Grundschulwettbewerb Ski nordisch<\/span><\/a><\/p>\n","protected":false},"author":8,"featured_media":0,"comment_status":"closed","ping_status":"open","sticky":false,"template":"","format":"standard","meta":{"neve_meta_sidebar":"","neve_meta_container":"","neve_meta_enable_content_width":"","neve_meta_content_width":0,"neve_meta_title_alignment":"","neve_meta_author_avatar":"","neve_post_elements_order":"","neve_meta_disable_header":"","neve_meta_disable_footer":"","neve_meta_disable_title":"","_themeisle_gutenberg_block_has_review":false,"footnotes":""},"categories":[64],"tags":[],"class_list":["post-5302","post","type-post","status-publish","format-standard","hentry","category-aktuelles-2025-2026"],"_links":{"self":[{"href":"https:\/\/vs-durach.de\/index.php\/wp-json\/wp\/v2\/posts\/5302","targetHints":{"allow":["GET"]}}],"collection":[{"href":"https:\/\/vs-durach.de\/index.php\/wp-json\/wp\/v2\/posts"}],"about":[{"href":"https:\/\/vs-durach.de\/index.php\/wp-json\/wp\/v2\/types\/post"}],"author":[{"embeddable":true,"href":"https:\/\/vs-durach.de\/index.php\/wp-json\/wp\/v2\/users\/8"}],"replies":[{"embeddable":true,"href":"https:\/\/vs-durach.de\/index.php\/wp-json\/wp\/v2\/comments?post=5302"}],"version-history":[{"count":4,"href":"https:\/\/vs-durach.de\/index.php\/wp-json\/wp\/v2\/posts\/5302\/revisions"}],"predecessor-version":[{"id":5308,"href":"https:\/\/vs-durach.de\/index.php\/wp-json\/wp\/v2\/posts\/5302\/revisions\/5308"}],"wp:attachment":[{"href":"https:\/\/vs-durach.de\/index.php\/wp-json\/wp\/v2\/media?parent=5302"}],"wp:term":[{"taxonomy":"category","embeddable":true,"href":"https:\/\/vs-durach.de\/index.php\/wp-json\/wp\/v2\/categories?post=5302"},{"taxonomy":"post_tag","embeddable":true,"href":"https:\/\/vs-durach.de\/index.php\/wp-json\/wp\/v2\/tags?post=5302"}],"curies":[{"name":"wp","href":"https:\/\/api.w.org\/{rel}","templated":true}]}}