{"id":5328,"date":"2026-03-17T10:50:06","date_gmt":"2026-03-17T09:50:06","guid":{"rendered":"https:\/\/vs-durach.de\/?p=5328"},"modified":"2026-03-17T11:24:50","modified_gmt":"2026-03-17T10:24:50","slug":"berufsorientierung-sternenkompass-und-verabschiedung-buergermeister-hock","status":"publish","type":"post","link":"https:\/\/vs-durach.de\/index.php\/2026\/03\/17\/berufsorientierung-sternenkompass-und-verabschiedung-buergermeister-hock\/","title":{"rendered":"Berufsorientierung, Sternenkompass und Verabschiedung B\u00fcrgermeister Hock"},"content":{"rendered":"\t\t<div data-elementor-type=\"wp-post\" data-elementor-id=\"5328\" class=\"elementor elementor-5328\">\n\t\t\t\t\t\t<section class=\"elementor-section elementor-top-section elementor-element elementor-element-0b00f5b elementor-section-boxed elementor-section-height-default elementor-section-height-default\" data-id=\"0b00f5b\" data-element_type=\"section\" data-e-type=\"section\">\n\t\t\t\t\t\t<div class=\"elementor-container elementor-column-gap-default\">\n\t\t\t\t\t<div class=\"elementor-column elementor-col-100 elementor-top-column elementor-element elementor-element-09dd461\" data-id=\"09dd461\" data-element_type=\"column\" data-e-type=\"column\">\n\t\t\t<div class=\"elementor-widget-wrap elementor-element-populated\">\n\t\t\t\t\t\t<div class=\"elementor-element elementor-element-7ab7379 elementor-widget elementor-widget-text-editor\" data-id=\"7ab7379\" data-element_type=\"widget\" data-e-type=\"widget\" data-widget_type=\"text-editor.default\">\n\t\t\t\t<div class=\"elementor-widget-container\">\n\t\t\t\t\t\t\t\t\t<p>Nach der allseits positiven Premiere der Zukunftsmesse im Fr\u00fchjahr des letzten Jahres fand Mitte Februar 2026 <strong>die 2. Zukunftsmesse an der Mittelschule Durach<\/strong> statt. \u00a0<\/p><p>43 Allg\u00e4uer Firmen aus den verschiedensten Branchen verteilten sich auf die Sporthalle, Mehrzweckhalle und der Aula. Das Organisationsteam der Mittelschule freute sich sehr, dass wieder viele langj\u00e4hrige Kooperationspartner den Weg zur Schule fanden. Zudem konnte eine Vielzahl von neuen Firmen akquiriert werden und somit wurden viele abwechslungsreiche Einblicke in \u00fcber 70 Berufsbilder gegeben. Rund 220 Mittelsch\u00fcler der 7. \u2013 10. Klassen konnten sich zun\u00e4chst in 4 verschiedenen Fachvortr\u00e4gen informieren. Danach fand die 3-st\u00fcndige Messe statt. Auch in diesem Jahr wurde der Schwerpunkt auf die praktischen \u00dcbungen gelegt. Es wurden viele pers\u00f6nliche Gespr\u00e4che der Firmenvertreter mit den Sch\u00fclern auf Augenh\u00f6he und in einer entspannten Kennenlernatmosph\u00e4re gef\u00fchrt. Nach einer erfolgreichen Beratung erhielten die Sch\u00fcler einen Aufkleber mit einem QR Code der Firma, mit dem sie im Anschluss auf die Homepage gelangen. Somit k\u00f6nnen auch im Nachgang wertvolle Gespr\u00e4che zuhause mit den Eltern gef\u00fchrt werden und der pers\u00f6nliche Berufsweg ist einen Schritt mehr in Richtung Traumberuf geschafft worden.<\/p><p>Die anschlie\u00dfende umfangreiche Befragung der Sch\u00fcler zeigte das positive Ergebnis von 4,0 von 5 Sternen. F\u00fcr das n\u00e4chste Jahr w\u00fcnschen sich die Sch\u00fcler noch weitere neue Firmenpartner, vor allem aus dem sozialen Bereich. Auch die Firmenvertreter konnten wieder eine intensive R\u00fcckmeldung geben. Eine deutliche 4,8 von 5 Sternen zeigte auch hier eine deutliche Wertsch\u00e4tzung und W\u00fcrdigung der Messe.<\/p><p>Das Team des Sternenkompass und Rektor Frank bedanken sich f\u00fcr das gro\u00dfe Engagement der Firmen, der Teilnahme von Schulrat Gogl, der Vertretung der Kolping Akademie Frau Dastagir und Frau Haupt, B\u00fcrgermeister Gerhard Hock und dem Besuch aus den Rath\u00e4usern der Gemeinden Betzigau und Wildpoldsried.<\/p><p>Kontaktaufnahme f\u00fcr interessierte Firmen f\u00fcr die 3. Zukunftsmesse 2027: <a href=\"mailto:Romane.Hock@vs-durach.de\">Romane.Hock@vs-durach.de<\/a><\/p><p>Im <strong>Rahmen der Urkunden\u00fcbergabe des Sterneprojekts<\/strong> verabschiedete die Mittelschule Durach B\u00fcrgermeister Hock. Wir w\u00fcnschen ihm alles Gute f\u00fcr seine Zukunft und bedanken uns f\u00fcr die allseits gute Unterst\u00fctzung und seine Pr\u00e4senz bei allen schulischen Veranstaltungen.<\/p>\t\t\t\t\t\t\t\t<\/div>\n\t\t\t\t<\/div>\n\t\t\t\t\t<\/div>\n\t\t<\/div>\n\t\t\t\t\t<\/div>\n\t\t<\/section>\n\t\t\t\t<section class=\"elementor-section elementor-top-section elementor-element elementor-element-7b70198 elementor-section-boxed elementor-section-height-default elementor-section-height-default\" data-id=\"7b70198\" data-element_type=\"section\" data-e-type=\"section\">\n\t\t\t\t\t\t<div class=\"elementor-container elementor-column-gap-default\">\n\t\t\t\t\t<div class=\"elementor-column elementor-col-33 elementor-top-column elementor-element elementor-element-6aa2431\" data-id=\"6aa2431\" data-element_type=\"column\" data-e-type=\"column\">\n\t\t\t<div class=\"elementor-widget-wrap elementor-element-populated\">\n\t\t\t\t\t\t<div class=\"elementor-element elementor-element-7154fbb elementor-widget elementor-widget-image\" data-id=\"7154fbb\" data-element_type=\"widget\" data-e-type=\"widget\" data-widget_type=\"image.default\">\n\t\t\t\t<div class=\"elementor-widget-container\">\n\t\t\t\t\t\t\t\t\t\t\t\t\t\t\t\t<a href=\"https:\/\/vs-durach.de\/wp-content\/uploads\/2026\/03\/20260305_110216-scaled.jpg\" data-elementor-open-lightbox=\"yes\" data-elementor-lightbox-title=\"20260305_110216\" data-e-action-hash=\"#elementor-action%3Aaction%3Dlightbox%26settings%3DeyJpZCI6NTMzMSwidXJsIjoiaHR0cHM6XC9cL3ZzLWR1cmFjaC5kZVwvd3AtY29udGVudFwvdXBsb2Fkc1wvMjAyNlwvMDNcLzIwMjYwMzA1XzExMDIxNi1zY2FsZWQuanBnIn0%3D\">\n\t\t\t\t\t\t\t<img fetchpriority=\"high\" decoding=\"async\" width=\"225\" height=\"300\" src=\"https:\/\/vs-durach.de\/wp-content\/uploads\/2026\/03\/20260305_110216-225x300.jpg\" class=\"attachment-medium size-medium wp-image-5331\" alt=\"\" srcset=\"https:\/\/vs-durach.de\/wp-content\/uploads\/2026\/03\/20260305_110216-225x300.jpg 225w, https:\/\/vs-durach.de\/wp-content\/uploads\/2026\/03\/20260305_110216-768x1024.jpg 768w, https:\/\/vs-durach.de\/wp-content\/uploads\/2026\/03\/20260305_110216-scaled.jpg 1920w\" sizes=\"(max-width: 225px) 100vw, 225px\" \/>\t\t\t\t\t\t\t\t<\/a>\n\t\t\t\t\t\t\t\t\t\t\t\t\t\t\t<\/div>\n\t\t\t\t<\/div>\n\t\t\t\t\t<\/div>\n\t\t<\/div>\n\t\t\t\t<div class=\"elementor-column elementor-col-33 elementor-top-column elementor-element elementor-element-6b202ce\" data-id=\"6b202ce\" data-element_type=\"column\" data-e-type=\"column\">\n\t\t\t<div class=\"elementor-widget-wrap\">\n\t\t\t\t\t\t\t<\/div>\n\t\t<\/div>\n\t\t\t\t<div class=\"elementor-column elementor-col-33 elementor-top-column elementor-element elementor-element-14b4905\" data-id=\"14b4905\" data-element_type=\"column\" data-e-type=\"column\">\n\t\t\t<div class=\"elementor-widget-wrap\">\n\t\t\t\t\t\t\t<\/div>\n\t\t<\/div>\n\t\t\t\t\t<\/div>\n\t\t<\/section>\n\t\t\t\t<\/div>\n\t\t","protected":false},"excerpt":{"rendered":"<p>Nach der allseits positiven Premiere der Zukunftsmesse im Fr\u00fchjahr des letzten Jahres fand Mitte Februar 2026 die 2. Zukunftsmesse an der Mittelschule Durach statt. \u00a0 43 Allg\u00e4uer Firmen aus den verschiedensten Branchen verteilten sich auf die Sporthalle, Mehrzweckhalle und der Aula. Das Organisationsteam der Mittelschule freute sich sehr, dass wieder viele langj\u00e4hrige Kooperationspartner den Weg&hellip;&nbsp;<a href=\"https:\/\/vs-durach.de\/index.php\/2026\/03\/17\/berufsorientierung-sternenkompass-und-verabschiedung-buergermeister-hock\/\" rel=\"bookmark\">Weiterlesen &raquo;<span class=\"screen-reader-text\">Berufsorientierung, Sternenkompass und Verabschiedung B\u00fcrgermeister Hock<\/span><\/a><\/p>\n","protected":false},"author":8,"featured_media":0,"comment_status":"closed","ping_status":"open","sticky":false,"template":"","format":"standard","meta":{"neve_meta_sidebar":"","neve_meta_container":"","neve_meta_enable_content_width":"","neve_meta_content_width":0,"neve_meta_title_alignment":"","neve_meta_author_avatar":"","neve_post_elements_order":"","neve_meta_disable_header":"","neve_meta_disable_footer":"","neve_meta_disable_title":"","_themeisle_gutenberg_block_has_review":false,"footnotes":""},"categories":[1],"tags":[],"class_list":["post-5328","post","type-post","status-publish","format-standard","hentry","category-unkategorisiert"],"_links":{"self":[{"href":"https:\/\/vs-durach.de\/index.php\/wp-json\/wp\/v2\/posts\/5328","targetHints":{"allow":["GET"]}}],"collection":[{"href":"https:\/\/vs-durach.de\/index.php\/wp-json\/wp\/v2\/posts"}],"about":[{"href":"https:\/\/vs-durach.de\/index.php\/wp-json\/wp\/v2\/types\/post"}],"author":[{"embeddable":true,"href":"https:\/\/vs-durach.de\/index.php\/wp-json\/wp\/v2\/users\/8"}],"replies":[{"embeddable":true,"href":"https:\/\/vs-durach.de\/index.php\/wp-json\/wp\/v2\/comments?post=5328"}],"version-history":[{"count":3,"href":"https:\/\/vs-durach.de\/index.php\/wp-json\/wp\/v2\/posts\/5328\/revisions"}],"predecessor-version":[{"id":5334,"href":"https:\/\/vs-durach.de\/index.php\/wp-json\/wp\/v2\/posts\/5328\/revisions\/5334"}],"wp:attachment":[{"href":"https:\/\/vs-durach.de\/index.php\/wp-json\/wp\/v2\/media?parent=5328"}],"wp:term":[{"taxonomy":"category","embeddable":true,"href":"https:\/\/vs-durach.de\/index.php\/wp-json\/wp\/v2\/categories?post=5328"},{"taxonomy":"post_tag","embeddable":true,"href":"https:\/\/vs-durach.de\/index.php\/wp-json\/wp\/v2\/tags?post=5328"}],"curies":[{"name":"wp","href":"https:\/\/api.w.org\/{rel}","templated":true}]}}